{"id":5905,"date":"2017-10-17T11:49:45","date_gmt":"2017-10-17T13:49:45","guid":{"rendered":"http:\/\/www.sertsc.org.br\/site\/?p=5905"},"modified":"2017-10-17T11:49:45","modified_gmt":"2017-10-17T13:49:45","slug":"acoes-alertam-populacao-sobre-o-desligamento-do-sinal-analogico-de-tv","status":"publish","type":"post","link":"https:\/\/sertsc.org.br\/site\/acoes-alertam-populacao-sobre-o-desligamento-do-sinal-analogico-de-tv\/","title":{"rendered":"A\u00e7\u00f5es alertam popula\u00e7\u00e3o sobre o desligamento do sinal anal\u00f3gico de TV"},"content":{"rendered":"<p class=\"font-16\" style=\"text-align: justify;\"><strong>Sinal ser\u00e1 desligado na regi\u00e3o de Florian\u00f3polis em 31 de janeiro, mas o sinal digital j\u00e1 est\u00e1 dispon\u00edvel<\/strong><\/p>\n<p style=\"text-align: justify;\">Em Florian\u00f3polis e em outras 4 cidades da regi\u00e3o (Bigua\u00e7u, Palho\u00e7a, Paulo Lopes e S\u00e3o Jos\u00e9), o sinal anal\u00f3gico de TV est\u00e1 previsto para ser desligado no dia 31 de janeiro. At\u00e9 l\u00e1, a popula\u00e7\u00e3o desta regi\u00e3o precisa preparar suas casas para que continuem assistindo os canais aberto de televis\u00e3o. O sinal digital j\u00e1 est\u00e1 dispon\u00edvel e todo aparelho de televis\u00e3o pode exibir a programa\u00e7\u00e3o dos canais abertos com melhor qualidade. Se o equipamento for de tubo ou fabricado antes de 2010, precisar\u00e1 de uma antena digital e um conversor. Se o televisor for de tela fina fabricado depois de 2010, precisar\u00e1 apenas uma antena para TV digital.<\/p>\n<p style=\"text-align: justify;\">Desde o in\u00edcio do m\u00eas de outubro, diversas a\u00e7\u00f5es est\u00e3o alertando a popula\u00e7\u00e3o sobre o desligamento. Na sexta-feira 13, o \u201cDigital\u201d, mascote da SEJA DIGITAL (empresa criada para conduzir o desligamento em todo o Brasil),\u00a0estava em uma loja do centro de Florian\u00f3polis para ajudar a desmistificar a popula\u00e7\u00e3o sobre o que \u00e9, e como funcionar\u00e1 o processo de desligamento do sinal de TV anal\u00f3gico. Na segunda-feira 16, alunos do SENAI receberam o primeiro treinamento para forma\u00e7\u00e3o da \u201cPatrulha Digital\u201d, grupo de volunt\u00e1rios que vai percorrer comunidades carentes tirando d\u00favidas e ajudando na convers\u00e3o.<\/p>\n<p><img decoding=\"async\" src=\"http:\/\/www.acaert.com.br\/app\/webroot\/files\/ckeditor\/images\/testeira(24).jpg\" alt=\"\" \/><\/p>\n<p style=\"text-align: justify;\"><em>Equipes de TV estiveram em uma loja que serviu como ponto de encontro para desmitificar a popula\u00e7\u00e3o sobre o desligamento do sinal anal\u00f3gico<\/em><\/p>\n<p style=\"text-align: justify;\">O processo de digitaliza\u00e7\u00e3o dos canais de TV tem previs\u00e3o para ser conclu\u00eddo no final de 2018 e a Seja Digital \u00e9 a entidade n\u00e3o governamental e sem fins lucrativos respons\u00e1vel pela opera\u00e7\u00e3o do processo de migra\u00e7\u00e3o do sinal de TV no Brasil. Com esta mudan\u00e7a, a programa\u00e7\u00e3o da TV aberta no Brasil seguir\u00e1 padr\u00f5es internacionais de transmiss\u00e3o, a exemplo do que j\u00e1 aconteceu em pa\u00edses como China, EUA e Reino Unido, permitindo aos telespectadores que desfrutem de seus programas favoritos com imagem e som com qualidade similar \u00e0 de uma sala de cinema.<\/p>\n<p style=\"text-align: justify;\">O processo de migra\u00e7\u00e3o, que j\u00e1 passou por Rio Verde, em Goi\u00e1s, e pelas regi\u00f5es do Distrito Federal (10 cidades), S\u00e3o Paulo (39 cidades), Goi\u00e2nia (29 cidades), Recife (14 cidades), Fortaleza (15 cidades) e Salvador (20 cidades) tem obtido resultados positivos ap\u00f3s o encerramento das transmiss\u00f5es anal\u00f3gicas, com quase 100% da popula\u00e7\u00e3o digitalizada.<\/p>\n<p class=\"font-11\" style=\"text-align: justify;\">Fonte: Seja digital.<\/p>\n","protected":false},"excerpt":{"rendered":"<p>Sinal ser\u00e1 desligado na regi\u00e3o de Florian\u00f3polis em 31 de&hellip;<\/p>\n<p> <a class=\"more-link\" href=\"https:\/\/sertsc.org.br\/site\/acoes-alertam-populacao-sobre-o-desligamento-do-sinal-analogico-de-tv\/\">Leia mais<\/a><\/p>\n","protected":false},"author":1,"featured_media":5913,"comment_status":"closed","ping_status":"open","sticky":false,"template":"","format":"standard","meta":{"footnotes":""},"categories":[3],"tags":[67,50,70,65,51,62,43,52,63,66,64,71,53,54,46,60,47,56,61,58,69,59],"class_list":{"0":"post-5905","1":"post","2":"type-post","3":"status-publish","4":"format-standard","5":"has-post-thumbnail","7":"category-noticias","8":"tag-capacitacao","9":"tag-emissoras-de-radio","10":"tag-emissoras-de-radio-e-tv","11":"tag-emissoras-de-tv","12":"tag-encontro-regional","13":"tag-gestao","14":"tag-mctic","15":"tag-migracao-am-fm","16":"tag-planejamento-estrategico","17":"tag-radio-e-tv","18":"tag-redes-sociais","19":"tag-reforma-trabalhista","20":"tag-representante-patronal","21":"tag-santa-catarina","22":"tag-sc","23":"tag-seminarios","24":"tag-sertsc","25":"tag-sindicato-patronal","26":"tag-televisao","27":"tag-tv","28":"tag-tv-aberta","29":"tag-tv-digital"},"_links":{"self":[{"href":"https:\/\/sertsc.org.br\/site\/wp-json\/wp\/v2\/posts\/5905","targetHints":{"allow":["GET"]}}],"collection":[{"href":"https:\/\/sertsc.org.br\/site\/wp-json\/wp\/v2\/posts"}],"about":[{"href":"https:\/\/sertsc.org.br\/site\/wp-json\/wp\/v2\/types\/post"}],"author":[{"embeddable":true,"href":"https:\/\/sertsc.org.br\/site\/wp-json\/wp\/v2\/users\/1"}],"replies":[{"embeddable":true,"href":"https:\/\/sertsc.org.br\/site\/wp-json\/wp\/v2\/comments?post=5905"}],"version-history":[{"count":0,"href":"https:\/\/sertsc.org.br\/site\/wp-json\/wp\/v2\/posts\/5905\/revisions"}],"wp:featuredmedia":[{"embeddable":true,"href":"https:\/\/sertsc.org.br\/site\/wp-json\/"}],"wp:attachment":[{"href":"https:\/\/sertsc.org.br\/site\/wp-json\/wp\/v2\/media?parent=5905"}],"wp:term":[{"taxonomy":"category","embeddable":true,"href":"https:\/\/sertsc.org.br\/site\/wp-json\/wp\/v2\/categories?post=5905"},{"taxonomy":"post_tag","embeddable":true,"href":"https:\/\/sertsc.org.br\/site\/wp-json\/wp\/v2\/tags?post=5905"}],"curies":[{"name":"wp","href":"https:\/\/api.w.org\/{rel}","templated":true}]}}