{"id":5899,"date":"2017-10-17T10:22:52","date_gmt":"2017-10-17T12:22:52","guid":{"rendered":"http:\/\/www.sertsc.org.br\/site\/?p=5899"},"modified":"2017-10-17T10:22:52","modified_gmt":"2017-10-17T12:22:52","slug":"comissao-regulamenta-cobranca-de-encargos-para-ampliacao-de-potencia-de-emissoras-de-radio-e-tv","status":"publish","type":"post","link":"https:\/\/sertsc.org.br\/site\/comissao-regulamenta-cobranca-de-encargos-para-ampliacao-de-potencia-de-emissoras-de-radio-e-tv\/","title":{"rendered":"Comiss\u00e3o regulamenta cobran\u00e7a de encargos para amplia\u00e7\u00e3o de pot\u00eancia de emissoras de r\u00e1dio e TV"},"content":{"rendered":"<div id=\"conteudoNoticia\">\n<p style=\"text-align: justify;\">A Comiss\u00e3o de Ci\u00eancia e Tecnologia, Comunica\u00e7\u00e3o e Inform\u00e1tica aprovou proposta que disciplina a cobran\u00e7a de valores \u00e0s emissoras comerciais de r\u00e1dio e de televis\u00e3o que forem autorizadas a ampliar o n\u00edvel de pot\u00eancia das suas esta\u00e7\u00f5es.<\/p>\n<p style=\"text-align: justify;\">O texto aprovado \u00e9 o\u00a0<span class=\"termoGlossario\">substitutivo<\/span>\u00a0do relator, deputado Milton Monti (PR-SP), ao Projeto de Lei\u00a0<a href=\"http:\/\/www2.camara.leg.br\/camaranoticias\/noticias\/COMUNICACAO\/546607-PROJETO-REGULAMENTA-COBRANCA-DE-TAXAS-PARA-AMPLIACAO-DO-NIVEL-DE-POTENCIA-DE-RADIOS-E-TV.html\" target=\"_blank\" rel=\"noopener noreferrer\">3618\/15<\/a>, do deputado Takayama (PSC-PR).<\/p>\n<p style=\"text-align: justify;\">O relator optou por incluir a mudan\u00e7a na legisla\u00e7\u00e3o no C\u00f3digo Brasileiro de Telecomunica\u00e7\u00f5es (Lei\u00a0<a href=\"http:\/\/www2.camara.leg.br\/legin\/fed\/lei\/1960-1969\/lei-4117-27-agosto-1962-353835-norma-pl.html\" target=\"_blank\" rel=\"noopener noreferrer\">4.117\/62<\/a>), enquanto o autor prop\u00f4s uma lei em separado.<\/p>\n<p style=\"text-align: justify;\">Segundo o texto, o c\u00e1lculo do valor do encargo referente \u00e0 amplia\u00e7\u00e3o do n\u00edvel de pot\u00eancia da emissora ser\u00e1 realizado com base em metodologia elaborada e publicada pelo Poder Concedente, que levar\u00e1 em considera\u00e7\u00e3o os seguintes crit\u00e9rios:<br \/>\n\u2013 popula\u00e7\u00e3o do mun\u00edcipio de outorga;<br \/>\n\u2013 modalidade do servi\u00e7o de radiodifus\u00e3o, quanto ao tipo de transmiss\u00e3o e tipo de modula\u00e7\u00e3o;<br \/>\n\u2013 pot\u00eancia irradiada atual da emissora;<br \/>\n\u2013 pot\u00eancia irradiada pretendida pela emissora;<br \/>\n\u2013 \u00edndices que reflitam a capacidade financeira do sistema local de radiodifus\u00e3o e a realidade econ\u00f4mica e social da localidade da outorga.<\/p>\n<p style=\"text-align: justify;\">Ainda conforme a proposta, a regulamenta\u00e7\u00e3o dessa metodologia dever\u00e1 ser objeto de consulta p\u00fablica e poder\u00e1 dispor sobre casos de dispensa de pagamento. O texto reduz o prazo de pagamento para at\u00e9 24 meses e permite \u00e0 emissora ajustar o n\u00edvel do sinal do seu transmissor imediatamente ap\u00f3s o deferimento da solicita\u00e7\u00e3o de aumento da pot\u00eancia.<\/p>\n<p style=\"text-align: justify;\">O projeto original permite o pagamento dos encargos em at\u00e9 120 meses.<\/p>\n<p style=\"text-align: justify;\"><strong>Tramita\u00e7\u00e3o<\/strong><br \/>\nA proposta ser\u00e1 analisada, em\u00a0<span class=\"termoGlossario\">car\u00e1ter conclusivo<\/span>, pela Comiss\u00e3o de Constitui\u00e7\u00e3o e Justi\u00e7a e de Cidadania.\n<\/p>\n<p style=\"text-align: justify;\"><strong>\u00cdNTEGRA DA PROPOSTA:<\/strong><\/p>\n<\/div>\n<div class=\"divBlocoContinuacao\">\n<ul>\n<li style=\"text-align: justify;\"><a href=\"http:\/\/www.camara.gov.br\/internet\/sileg\/Prop_Detalhe.asp?id=2054724\">PL-3618\/2015<\/a><\/li>\n<\/ul>\n<p>Fonte: C\u00e2mara not\u00edcias.<\/p>\n<\/div>\n","protected":false},"excerpt":{"rendered":"<p>A Comiss\u00e3o de Ci\u00eancia e Tecnologia, Comunica\u00e7\u00e3o e Inform\u00e1tica aprovou&hellip;<\/p>\n<p> <a class=\"more-link\" href=\"https:\/\/sertsc.org.br\/site\/comissao-regulamenta-cobranca-de-encargos-para-ampliacao-de-potencia-de-emissoras-de-radio-e-tv\/\">Leia mais<\/a><\/p>\n","protected":false},"author":1,"featured_media":5900,"comment_status":"closed","ping_status":"open","sticky":false,"template":"","format":"standard","meta":{"footnotes":""},"categories":[3],"tags":[67,50,70,65,51,62,43,52,63,66,64,71,53,54,46,60,47,56,61,58,69,59],"class_list":{"0":"post-5899","1":"post","2":"type-post","3":"status-publish","4":"format-standard","5":"has-post-thumbnail","7":"category-noticias","8":"tag-capacitacao","9":"tag-emissoras-de-radio","10":"tag-emissoras-de-radio-e-tv","11":"tag-emissoras-de-tv","12":"tag-encontro-regional","13":"tag-gestao","14":"tag-mctic","15":"tag-migracao-am-fm","16":"tag-planejamento-estrategico","17":"tag-radio-e-tv","18":"tag-redes-sociais","19":"tag-reforma-trabalhista","20":"tag-representante-patronal","21":"tag-santa-catarina","22":"tag-sc","23":"tag-seminarios","24":"tag-sertsc","25":"tag-sindicato-patronal","26":"tag-televisao","27":"tag-tv","28":"tag-tv-aberta","29":"tag-tv-digital"},"_links":{"self":[{"href":"https:\/\/sertsc.org.br\/site\/wp-json\/wp\/v2\/posts\/5899","targetHints":{"allow":["GET"]}}],"collection":[{"href":"https:\/\/sertsc.org.br\/site\/wp-json\/wp\/v2\/posts"}],"about":[{"href":"https:\/\/sertsc.org.br\/site\/wp-json\/wp\/v2\/types\/post"}],"author":[{"embeddable":true,"href":"https:\/\/sertsc.org.br\/site\/wp-json\/wp\/v2\/users\/1"}],"replies":[{"embeddable":true,"href":"https:\/\/sertsc.org.br\/site\/wp-json\/wp\/v2\/comments?post=5899"}],"version-history":[{"count":0,"href":"https:\/\/sertsc.org.br\/site\/wp-json\/wp\/v2\/posts\/5899\/revisions"}],"wp:featuredmedia":[{"embeddable":true,"href":"https:\/\/sertsc.org.br\/site\/wp-json\/"}],"wp:attachment":[{"href":"https:\/\/sertsc.org.br\/site\/wp-json\/wp\/v2\/media?parent=5899"}],"wp:term":[{"taxonomy":"category","embeddable":true,"href":"https:\/\/sertsc.org.br\/site\/wp-json\/wp\/v2\/categories?post=5899"},{"taxonomy":"post_tag","embeddable":true,"href":"https:\/\/sertsc.org.br\/site\/wp-json\/wp\/v2\/tags?post=5899"}],"curies":[{"name":"wp","href":"https:\/\/api.w.org\/{rel}","templated":true}]}}