{"id":5889,"date":"2017-10-16T14:17:32","date_gmt":"2017-10-16T16:17:32","guid":{"rendered":"http:\/\/www.sertsc.org.br\/site\/?p=5889"},"modified":"2017-10-16T14:17:32","modified_gmt":"2017-10-16T16:17:32","slug":"agert-divulga-programacao-completa-do-24o-congresso-gaucho-de-radio-e-televisao","status":"publish","type":"post","link":"https:\/\/sertsc.org.br\/site\/agert-divulga-programacao-completa-do-24o-congresso-gaucho-de-radio-e-televisao\/","title":{"rendered":"AGERT divulga a programa\u00e7\u00e3o completa do 24\u00ba Congresso Ga\u00facho de R\u00e1dio e Televis\u00e3o"},"content":{"rendered":"<p style=\"text-align: justify;\"><strong>O evento ocorrer\u00e1 de 24 a 26 de Outubro, no Hotel Continental, em Canela<\/strong><\/p>\n<p style=\"text-align: justify;\"><strong>24\/10 \u2013 Ter\u00e7a-feira<\/strong><\/p>\n<p style=\"text-align: justify;\">14h00 \u2013 Recep\u00e7\u00e3o aos Congressistas no Hotel Continental<\/p>\n<p style=\"text-align: justify;\">17h00 \u2013 Credenciamento no Centro de Eventos<\/p>\n<p style=\"text-align: justify;\">19h00 \u2013 Abertura Oficial do 24\u00ba Congresso Ga\u00facho de R\u00e1dio e Televis\u00e3o<\/p>\n<p style=\"text-align: justify;\">Inaugura\u00e7\u00e3o da Feira de Equipamentos<\/p>\n<p style=\"text-align: justify;\">21h00 \u2013 Jantar Grupo RBS<\/p>\n<p style=\"text-align: justify;\"><strong>25\/10 \u2013 Quarta-feira<\/strong><\/p>\n<p style=\"text-align: justify;\">09h00 \u2013 Palestra: O Mundo na vis\u00e3o da RBS<\/p>\n<p style=\"text-align: justify;\">Marcelo Pacheco \u2013 Vice Presidente de Mercado do Grupo RBS<\/p>\n<p style=\"text-align: justify;\">Coordena\u00e7\u00e3o Dra. D\u00e9bora Dalcin Rodrigues<\/p>\n<p style=\"text-align: justify;\">Abertura da Feira de Equipamentos<\/p>\n<p style=\"text-align: justify;\">10h30 &#8211; Painel Comunica\u00e7\u00e3o na Era Digital: Oportunidades para a Radiodifus\u00e3o<\/p>\n<p style=\"text-align: justify;\">Com Domingos Secco Junior, PC Dias, Giovanna Dalla Corte.<\/p>\n<p style=\"text-align: justify;\">Coordena\u00e7\u00e3o Sandro Padilha<\/p>\n<p style=\"text-align: justify;\">12h00 \u2013 Almo\u00e7o Agert<\/p>\n<p style=\"text-align: justify;\">14h00 \u2013 Painel Tecnologia: Migra\u00e7\u00e3o do r\u00e1dio AM para FM e<\/p>\n<p style=\"text-align: justify;\">o fim do sinal anal\u00f3gico de TV<\/p>\n<p style=\"text-align: justify;\">Switch On \u2013 O in\u00edcio da opera\u00e7\u00e3o digital em TV &#8211; Carlos Fini<\/p>\n<p style=\"text-align: justify;\">Evolu\u00e7\u00e3o do R\u00e1dio \u2013 Andre Cintra<\/p>\n<p style=\"text-align: justify;\">Receptores Faixa Estendida &#8211; Caue Franzon<\/p>\n<p style=\"text-align: justify;\">Coordena\u00e7\u00e3o Carlos Fini<\/p>\n<p style=\"text-align: justify;\">16h00 &#8211; Coffee Break<\/p>\n<p style=\"text-align: justify;\">16h30 \u2013 Palestra: Jornalismo Investigativo<\/p>\n<p style=\"text-align: justify;\">Roberto Cabrini &#8211; Jornalista do SBT<\/p>\n<p style=\"text-align: justify;\">Coordena\u00e7\u00e3o Luis Alberto Campos Cruz<\/p>\n<p style=\"text-align: justify;\">Ch\u00e1 das Mulheres<\/p>\n<p style=\"text-align: justify;\">Palestra &#8211; Cristina Ranzolin<\/p>\n<p style=\"text-align: justify;\">17h30 \u2013 Oficina Excel\u00eancia em Tecnologia<\/p>\n<p style=\"text-align: justify;\">Coordena\u00e7\u00e3o Jos\u00e9 Luiz Bonamigo<\/p>\n<p style=\"text-align: justify;\">20h00 \u2013 Jantar SBT RS<\/p>\n<p style=\"text-align: justify;\"><strong>26\/10 \u2013 Quinta-feira<\/strong><\/p>\n<p style=\"text-align: justify;\">08h30 \u2013 Assembleia Geral Ordin\u00e1ria \/ Presta\u00e7\u00e3o de Contas<\/p>\n<p style=\"text-align: justify;\">09h00 \u2013 Palestra: Brasil Passado e Futuro<\/p>\n<p style=\"text-align: justify;\">Alexandre Garcia \u2013 Comentarista Econ\u00f4mico Rede Globo<\/p>\n<p style=\"text-align: justify;\">Coordena\u00e7\u00e3o Pedro Ricardo Germano<\/p>\n<p style=\"text-align: justify;\">Abertura da Feira de Equipamentos<\/p>\n<p style=\"text-align: justify;\">10h30 \u2013 Palestra: O Brasil de amanh\u00e3: liberdade econ\u00f4mica, desenvolvimento<\/p>\n<p style=\"text-align: justify;\">social e o fim da impunidade<\/p>\n<p style=\"text-align: justify;\">Diego Casagrande \u2013 Jornalista da Band RS<\/p>\n<p style=\"text-align: justify;\">Coordena\u00e7\u00e3o S\u00e9rgio Moren C\u00f3ssio<\/p>\n<p style=\"text-align: justify;\">12h00 \u2013 Almo\u00e7o Rede Bandeirantes de Comunica\u00e7\u00e3o<\/p>\n<p style=\"text-align: justify;\">14h00 \u2013 Painel ABERT\/ ANATEL\/ MCTIC<\/p>\n<p style=\"text-align: justify;\">Dra. Vanda Jugurtha Bona Nogueira \u2013 Secret\u00e1ria de Radiodifus\u00e3o do MCTIC<\/p>\n<p style=\"text-align: justify;\">Dr. Vitor Elisio G\u00f3es de Oliveira Menezes \u2013 Superintendente da Anatel<\/p>\n<p style=\"text-align: justify;\">da Superintend\u00eancia de Outorgas e Recursos \u00e0 Presta\u00e7\u00e3o<\/p>\n<p style=\"text-align: justify;\">Coordena\u00e7\u00e3o Dr, Cristiano Lobato Flores<\/p>\n<p style=\"text-align: justify;\">15h30 \u2013 Painel Gest\u00e3o de R\u00e1dio: Sucess\u00e3o Familiar<\/p>\n<p style=\"text-align: justify;\">Dr. Alessandro Spiller \u2013 S\u00f3cio da Dupont Spiller Advogados Associados<\/p>\n<p style=\"text-align: justify;\">Alexandre Gadret \u2013 Presidente da Rede Pampa de Comunica\u00e7\u00e3o<\/p>\n<p style=\"text-align: justify;\">Coordena\u00e7\u00e3o Marcos Dytz Piccoli<\/p>\n<p style=\"text-align: justify;\">16h30 &#8211; Coffee Break<\/p>\n<p style=\"text-align: justify;\">17h00 \u2013 Palestra: A Reforma Trabalhista<\/p>\n<p style=\"text-align: justify;\">Ronaldo Nogueira &#8211; Ministro do Trabalho<\/p>\n<p style=\"text-align: justify;\">Coordena\u00e7\u00e3o Ary Flor\u00eancio Cauduro dos Santos<\/p>\n<p style=\"text-align: justify;\">20h00 \u2013 Jantar Rede Pampa<\/p>\n<p style=\"text-align: justify;\">Fonte; AGERT.<\/p>\n","protected":false},"excerpt":{"rendered":"<p>O evento ocorrer\u00e1 de 24 a 26 de Outubro, no&hellip;<\/p>\n<p> <a class=\"more-link\" href=\"https:\/\/sertsc.org.br\/site\/agert-divulga-programacao-completa-do-24o-congresso-gaucho-de-radio-e-televisao\/\">Leia mais<\/a><\/p>\n","protected":false},"author":1,"featured_media":5890,"comment_status":"closed","ping_status":"open","sticky":false,"template":"","format":"standard","meta":{"footnotes":""},"categories":[3],"tags":[67,50,70,65,51,62,43,52,63,66,64,71,53,54,46,60,47,56,61,58,69,59],"class_list":{"0":"post-5889","1":"post","2":"type-post","3":"status-publish","4":"format-standard","5":"has-post-thumbnail","7":"category-noticias","8":"tag-capacitacao","9":"tag-emissoras-de-radio","10":"tag-emissoras-de-radio-e-tv","11":"tag-emissoras-de-tv","12":"tag-encontro-regional","13":"tag-gestao","14":"tag-mctic","15":"tag-migracao-am-fm","16":"tag-planejamento-estrategico","17":"tag-radio-e-tv","18":"tag-redes-sociais","19":"tag-reforma-trabalhista","20":"tag-representante-patronal","21":"tag-santa-catarina","22":"tag-sc","23":"tag-seminarios","24":"tag-sertsc","25":"tag-sindicato-patronal","26":"tag-televisao","27":"tag-tv","28":"tag-tv-aberta","29":"tag-tv-digital"},"_links":{"self":[{"href":"https:\/\/sertsc.org.br\/site\/wp-json\/wp\/v2\/posts\/5889","targetHints":{"allow":["GET"]}}],"collection":[{"href":"https:\/\/sertsc.org.br\/site\/wp-json\/wp\/v2\/posts"}],"about":[{"href":"https:\/\/sertsc.org.br\/site\/wp-json\/wp\/v2\/types\/post"}],"author":[{"embeddable":true,"href":"https:\/\/sertsc.org.br\/site\/wp-json\/wp\/v2\/users\/1"}],"replies":[{"embeddable":true,"href":"https:\/\/sertsc.org.br\/site\/wp-json\/wp\/v2\/comments?post=5889"}],"version-history":[{"count":0,"href":"https:\/\/sertsc.org.br\/site\/wp-json\/wp\/v2\/posts\/5889\/revisions"}],"wp:featuredmedia":[{"embeddable":true,"href":"https:\/\/sertsc.org.br\/site\/wp-json\/"}],"wp:attachment":[{"href":"https:\/\/sertsc.org.br\/site\/wp-json\/wp\/v2\/media?parent=5889"}],"wp:term":[{"taxonomy":"category","embeddable":true,"href":"https:\/\/sertsc.org.br\/site\/wp-json\/wp\/v2\/categories?post=5889"},{"taxonomy":"post_tag","embeddable":true,"href":"https:\/\/sertsc.org.br\/site\/wp-json\/wp\/v2\/tags?post=5889"}],"curies":[{"name":"wp","href":"https:\/\/api.w.org\/{rel}","templated":true}]}}