{"id":5882,"date":"2017-10-16T10:37:50","date_gmt":"2017-10-16T12:37:50","guid":{"rendered":"http:\/\/www.sertsc.org.br\/site\/?p=5882"},"modified":"2017-10-16T10:37:50","modified_gmt":"2017-10-16T12:37:50","slug":"com-aproximacao-de-desligamento-do-sinal-analogico-belo-horizonte-recebe-kits-gratuitos-da-tv-digital","status":"publish","type":"post","link":"https:\/\/sertsc.org.br\/site\/com-aproximacao-de-desligamento-do-sinal-analogico-belo-horizonte-recebe-kits-gratuitos-da-tv-digital\/","title":{"rendered":"Com aproxima\u00e7\u00e3o de desligamento do sinal anal\u00f3gico, Belo Horizonte recebe kits gratuitos da TV digital"},"content":{"rendered":"<p style=\"text-align: justify;\">O presidente da Ag\u00eancia Nacional de Telecomunica\u00e7\u00f5es (Anatel), Juarez Quadros, entregou, na tarde desta quarta-feira, o kit da TV Digital n\u00famero 310 mil, em Belo Horizonte, Minas Gerais. O desligamento do sinal anal\u00f3gico para a cidade mineira est\u00e1 previsto para o dia 8 de novembro deste ano. At\u00e9 o momento, cerca de 90% dos 39 munic\u00edpios da grande Belo Horizonte j\u00e1 est\u00e3o preparados para a recep\u00e7\u00e3o digital.<\/p>\n<p style=\"text-align: justify;\">Quadros lembrou, no entanto, que o cen\u00e1rio ideal \u00e9 de que a digitaliza\u00e7\u00e3o alcance 100% das resid\u00eancias. \u201cO que se recomenda \u00e9 que quem precisa receber o adaptador, que o fa\u00e7a. Quem j\u00e1 recebeu, que o ligue\u201d, alertou Quadros, ao lembrar que \u00e9 preciso fazer a instala\u00e7\u00e3o do dispositivo.\u00a0A dona de casa Maria das Gra\u00e7as Miranda recebeu os equipamentos das m\u00e3os do presidente da Anatel e disse estar ansiosa para ver como ficar\u00e3o as imagens. No total, mais de 465 mil kits (conversor, antena e controle remoto) devem ser distribu\u00eddos em Belo Horizonte.<\/p>\n<p style=\"text-align: justify;\">O presidente da Anatel\u00a0ainda participou, ao vivo, do programa Balan\u00e7o Geral MG, da RecordTV. Ao lado do apresentador Mauro Tramonte, o presidente da Anatel refor\u00e7ou a import\u00e2ncia da popula\u00e7\u00e3o se preparar para o desligamento e as vantagens do sinal digital de TV. Em Belo Horizonte, o desligamento permitir\u00e1 que a faixa dos 700 MHz seja liberada e utilizada para o 4G.<\/p>\n\n<p>Fonte: Assessoria de Comunica\u00e7\u00e3o da Abratel<\/p>\n","protected":false},"excerpt":{"rendered":"<p>O presidente da Ag\u00eancia Nacional de Telecomunica\u00e7\u00f5es (Anatel), Juarez Quadros,&hellip;<\/p>\n<p> <a class=\"more-link\" href=\"https:\/\/sertsc.org.br\/site\/com-aproximacao-de-desligamento-do-sinal-analogico-belo-horizonte-recebe-kits-gratuitos-da-tv-digital\/\">Leia mais<\/a><\/p>\n","protected":false},"author":1,"featured_media":5885,"comment_status":"closed","ping_status":"open","sticky":false,"template":"","format":"standard","meta":{"footnotes":""},"categories":[3],"tags":[67,50,70,65,51,62,43,52,63,66,64,71,53,54,46,60,47,56,61,58,69,59],"class_list":{"0":"post-5882","1":"post","2":"type-post","3":"status-publish","4":"format-standard","5":"has-post-thumbnail","7":"category-noticias","8":"tag-capacitacao","9":"tag-emissoras-de-radio","10":"tag-emissoras-de-radio-e-tv","11":"tag-emissoras-de-tv","12":"tag-encontro-regional","13":"tag-gestao","14":"tag-mctic","15":"tag-migracao-am-fm","16":"tag-planejamento-estrategico","17":"tag-radio-e-tv","18":"tag-redes-sociais","19":"tag-reforma-trabalhista","20":"tag-representante-patronal","21":"tag-santa-catarina","22":"tag-sc","23":"tag-seminarios","24":"tag-sertsc","25":"tag-sindicato-patronal","26":"tag-televisao","27":"tag-tv","28":"tag-tv-aberta","29":"tag-tv-digital"},"_links":{"self":[{"href":"https:\/\/sertsc.org.br\/site\/wp-json\/wp\/v2\/posts\/5882","targetHints":{"allow":["GET"]}}],"collection":[{"href":"https:\/\/sertsc.org.br\/site\/wp-json\/wp\/v2\/posts"}],"about":[{"href":"https:\/\/sertsc.org.br\/site\/wp-json\/wp\/v2\/types\/post"}],"author":[{"embeddable":true,"href":"https:\/\/sertsc.org.br\/site\/wp-json\/wp\/v2\/users\/1"}],"replies":[{"embeddable":true,"href":"https:\/\/sertsc.org.br\/site\/wp-json\/wp\/v2\/comments?post=5882"}],"version-history":[{"count":0,"href":"https:\/\/sertsc.org.br\/site\/wp-json\/wp\/v2\/posts\/5882\/revisions"}],"wp:featuredmedia":[{"embeddable":true,"href":"https:\/\/sertsc.org.br\/site\/wp-json\/"}],"wp:attachment":[{"href":"https:\/\/sertsc.org.br\/site\/wp-json\/wp\/v2\/media?parent=5882"}],"wp:term":[{"taxonomy":"category","embeddable":true,"href":"https:\/\/sertsc.org.br\/site\/wp-json\/wp\/v2\/categories?post=5882"},{"taxonomy":"post_tag","embeddable":true,"href":"https:\/\/sertsc.org.br\/site\/wp-json\/wp\/v2\/tags?post=5882"}],"curies":[{"name":"wp","href":"https:\/\/api.w.org\/{rel}","templated":true}]}}