{"id":5879,"date":"2017-10-13T14:55:11","date_gmt":"2017-10-13T17:55:11","guid":{"rendered":"http:\/\/www.sertsc.org.br\/site\/?p=5879"},"modified":"2017-10-13T14:55:11","modified_gmt":"2017-10-13T17:55:11","slug":"abert-oferece-curso-gratuito-sobre-novas-oportunidades-no-radio","status":"publish","type":"post","link":"https:\/\/sertsc.org.br\/site\/abert-oferece-curso-gratuito-sobre-novas-oportunidades-no-radio\/","title":{"rendered":"ABERT oferece curso gratuito sobre novas oportunidades no r\u00e1dio"},"content":{"rendered":"<div class=\"itemIntroText\">\n<p style=\"text-align: justify;\">Associados da ABERT e de associa\u00e7\u00f5es estaduais ter\u00e3o uma oportunidade gratuita de aprender sobre a nova era do r\u00e1dio, com a chegada do universo digital. No curso de ensino a dist\u00e2ncia (EaD) \u201cR\u00e1dio: Converg\u00eancia, Multiplataformas e Experimenta\u00e7\u00f5es\u201d, as professoras N\u00e9lia Del Bianco (Universidade Federal de Goi\u00e1s (UFG) e Universidade de Bras\u00edlia (UnB)) e Nair Prata (Universidade Federal de Ouro Preto (UFOP)) apresentar\u00e3o estudos sobre a amplia\u00e7\u00e3o do conceito do r\u00e1dio com os novos modelos de escuta e consumo, e as experimenta\u00e7\u00f5es do meio no Brasil e em outros pa\u00edses.<\/p>\n<\/div>\n<div class=\"itemFullText\">\n<p style=\"text-align: justify;\">O curso online, promovido pela ABERT, em parceria com a Associa\u00e7\u00e3o das Emissoras de Radiodifus\u00e3o do Paran\u00e1 (Aerp), \u00e9 destinado a radiodifusores e profissionais do r\u00e1dio e da TV, e acontece na pr\u00f3xima quarta-feira (18), das 15h \u00e0s 17h.<\/p>\n<p>Uma pesquisa sobre o Mobilize-se, vers\u00e3o que originou o atual projeto MobiAbert, ser\u00e1 apresentada pelas professoras, que estudaram o comportamento das r\u00e1dios no ambiente mobile digital e a utiliza\u00e7\u00e3o de suas funcionalidades. As palestrantes v\u00e3o mostrar qual \u00e9 o perfil do p\u00fablico atual, o que eles buscam e como a r\u00e1dio pode se adaptar \u00e0s novas tecnologias.<\/p>\n<p style=\"text-align: justify;\">Os participantes v\u00e3o receber certificado de participa\u00e7\u00e3o e poder\u00e3o enviar perguntas que ser\u00e3o respondidas ao vivo, durante o curso online. Acesse www.aerp.org.br\/ensinoead para fazer sua inscri\u00e7\u00e3o.<\/p>\n<\/div>\n<p style=\"text-align: justify;\">Fonte: Abert.<\/p>\n","protected":false},"excerpt":{"rendered":"<p>Associados da ABERT e de associa\u00e7\u00f5es estaduais ter\u00e3o uma oportunidade&hellip;<\/p>\n<p> <a class=\"more-link\" href=\"https:\/\/sertsc.org.br\/site\/abert-oferece-curso-gratuito-sobre-novas-oportunidades-no-radio\/\">Leia mais<\/a><\/p>\n","protected":false},"author":1,"featured_media":5880,"comment_status":"closed","ping_status":"open","sticky":false,"template":"","format":"standard","meta":{"footnotes":""},"categories":[3],"tags":[67,50,70,65,51,62,43,52,63,66,64,71,53,54,46,60,47,56,61,58,69,59],"class_list":{"0":"post-5879","1":"post","2":"type-post","3":"status-publish","4":"format-standard","5":"has-post-thumbnail","7":"category-noticias","8":"tag-capacitacao","9":"tag-emissoras-de-radio","10":"tag-emissoras-de-radio-e-tv","11":"tag-emissoras-de-tv","12":"tag-encontro-regional","13":"tag-gestao","14":"tag-mctic","15":"tag-migracao-am-fm","16":"tag-planejamento-estrategico","17":"tag-radio-e-tv","18":"tag-redes-sociais","19":"tag-reforma-trabalhista","20":"tag-representante-patronal","21":"tag-santa-catarina","22":"tag-sc","23":"tag-seminarios","24":"tag-sertsc","25":"tag-sindicato-patronal","26":"tag-televisao","27":"tag-tv","28":"tag-tv-aberta","29":"tag-tv-digital"},"_links":{"self":[{"href":"https:\/\/sertsc.org.br\/site\/wp-json\/wp\/v2\/posts\/5879","targetHints":{"allow":["GET"]}}],"collection":[{"href":"https:\/\/sertsc.org.br\/site\/wp-json\/wp\/v2\/posts"}],"about":[{"href":"https:\/\/sertsc.org.br\/site\/wp-json\/wp\/v2\/types\/post"}],"author":[{"embeddable":true,"href":"https:\/\/sertsc.org.br\/site\/wp-json\/wp\/v2\/users\/1"}],"replies":[{"embeddable":true,"href":"https:\/\/sertsc.org.br\/site\/wp-json\/wp\/v2\/comments?post=5879"}],"version-history":[{"count":0,"href":"https:\/\/sertsc.org.br\/site\/wp-json\/wp\/v2\/posts\/5879\/revisions"}],"wp:featuredmedia":[{"embeddable":true,"href":"https:\/\/sertsc.org.br\/site\/wp-json\/"}],"wp:attachment":[{"href":"https:\/\/sertsc.org.br\/site\/wp-json\/wp\/v2\/media?parent=5879"}],"wp:term":[{"taxonomy":"category","embeddable":true,"href":"https:\/\/sertsc.org.br\/site\/wp-json\/wp\/v2\/categories?post=5879"},{"taxonomy":"post_tag","embeddable":true,"href":"https:\/\/sertsc.org.br\/site\/wp-json\/wp\/v2\/tags?post=5879"}],"curies":[{"name":"wp","href":"https:\/\/api.w.org\/{rel}","templated":true}]}}