{"id":5875,"date":"2017-10-13T14:18:26","date_gmt":"2017-10-13T17:18:26","guid":{"rendered":"http:\/\/www.sertsc.org.br\/site\/?p=5875"},"modified":"2017-10-13T14:18:26","modified_gmt":"2017-10-13T17:18:26","slug":"confira-3-curiosidades-sobre-historia-do-radio","status":"publish","type":"post","link":"https:\/\/sertsc.org.br\/site\/confira-3-curiosidades-sobre-historia-do-radio\/","title":{"rendered":"Confira 3 curiosidades sobre a hist\u00f3ria do r\u00e1dio"},"content":{"rendered":"<p style=\"text-align: justify;\">A partir da\u00a0transmiss\u00e3o de ideias\u00a0\u00e9 poss\u00edvel construir rela\u00e7\u00f5es entre os fatos e produzir um legado para as gera\u00e7\u00f5es vindouras, de modo que a comunica\u00e7\u00e3o tem papel primordial na diversidade e propaga\u00e7\u00e3o da cultura. Nesse sentido, conhecer a historia da r\u00e1dio nos ajuda a entender como ela influenciou\u00a0\u2014 e continua influenciando\u00a0\u2014 o nosso dia a dia.<\/p>\n<p>Gra\u00e7as \u00e0 radiocomunica\u00e7\u00e3o n\u00f3s nos desenvolvemos profundamente no \u00e2mbito cultural.\u00a0Levando isso em conta, n\u00f3s separamos 3\u00a0curiosidades empolgantes sobre a sua trajet\u00f3ria e fatos que marcaram plenamente o seu desenvolvimento. Confira!<\/p>\n<p><strong>1. Quem inventou? Onde e\u00a0quando?<\/strong><\/p>\n<p>Na realidade, n\u00e3o existe um consenso sobre quem foi o grande inventor da radiodifus\u00e3o. S\u00e3o\u00a0dois nomes apontados\u00a0como os principais respons\u00e1veis: o italiano Guglielmo Marconi e o brasileiro Roberto Landell de Moura. Ali\u00e1s, \u00e9 v\u00e1lido dizer que o r\u00e1dio, como conhecemos hoje, s\u00f3 \u00e9 \u00a0poss\u00edvel gra\u00e7as \u00e0s contribui\u00e7\u00f5es de ambos.<\/p>\n<p>Segundo\u00a0C\u00e9sar Augusto dos Santos,\u00a0Marconi patenteou\u00a0\u201csomente a transmiss\u00e3o-recep\u00e7\u00e3o eletr\u00f4nica por centelhamento dos sinais telegr\u00e1ficos em c\u00f3digo Morse\u201d,\u00a0em 12 de setembro de 1896, na Inglaterra.\u00a0J\u00e1 Roberto, ainda de acordo com Santos,\u00a0patenteou\u00a0um sistema fot\u00f4nico-eletr\u00f4nico\u00a0no Brasil, em 9 de mar\u00e7o de 1901.<\/p>\n<p>Ou seja, foram dois experimentos distintos, embora tivessem semelhan\u00e7as evidentes. Fato \u00e9 que foram decisivos, cada um \u00e0 sua maneira.<\/p>\n<p><strong>2. A publicidade na r\u00e1dio ainda repercute?<\/strong><\/p>\n<p>Com a crescente expans\u00e3o das outras m\u00eddias, criou-se a impress\u00e3o de que o marketing radiof\u00f4nico havia perdido suas for\u00e7as.<\/p>\n<p>Contudo, ainda \u00e9 poss\u00edvel\u00a0veicular\u00a0muitos\u00a0an\u00fancios\u00a0atrav\u00e9s deste\u00a0meio de comunica\u00e7\u00e3o. Prova disso \u00e9 que ele \u00e9 a quinta m\u00eddia com mais investimento publicit\u00e1rio\u00a0em todo o mundo, segundo\u00a0Fernando Morgado.<\/p>\n<p>Al\u00e9m disso, com associa\u00e7\u00e3o frequente entre as r\u00e1dios e os celulares, bem como a crescente expans\u00e3o\u00a0das\u00a0transmiss\u00f5es digitais, elas continuam sendo bastante populares.<\/p>\n<p><strong>3. Como foi\u00a0a hist\u00f3ria da r\u00e1dio no Brasil?<\/strong><\/p>\n<p>A princ\u00edpio, n\u00e3o era permitido anunciar. A veicula\u00e7\u00e3o de propagandas s\u00f3\u00a0foi permitida com um decreto-lei assinado por Get\u00falio Vargas, em 1\u00ba de mar\u00e7o de 1932.\u00a0A programa\u00e7\u00e3o era voltada \u00e0 cultura, \u00e0 arte em geral e \u00e0 educa\u00e7\u00e3o. Os receptores eram car\u00edssimos para e\u00a0\u00e9poca, o que dificultava na populariza\u00e7\u00e3o do aparato.<\/p>\n<p>A\u00a0primeira transmiss\u00e3o\u00a0brasileira se deu em 7 de setembro de 1922, com o pronunciamento do, ent\u00e3o presidente, Epit\u00e1cio Pessoa. A R\u00e1dio Sociedade, do Rio de Janeiro, \u00e9 considerada como a primeira emissora do pa\u00eds.<\/p>\n<p>Na d\u00e9cada de 1940, veio a popularidade, acompanhada da\u00a0cria\u00e7\u00e3o do IBOPE. A audi\u00eancia era crescente e os programas eram feitos para as massas. O programa que melhor sintetiza essa ascens\u00e3o \u00e9 o \u201cRep\u00f3rter Esso\u201d, que estreou em 1941. Narrado pelo\u00a0locutor\u00a0Heron Rodrigues, ele se destacava por ter sido o primeiro notici\u00e1rio que n\u00e3o se resumia a ler as not\u00edcias do jornal impresso.<\/p>\n<p>Outro destaque do jornal eram seus charmosos slogans, como \u201cO primeiro a dar as \u00faltimas\u201d\u00a0e\u00a0\u201cTestemunha ocular da hist\u00f3ria\u201d, por exemplo, que ficaram marcados na mem\u00f3ria do pa\u00eds.<\/p>\n<p>A historia da r\u00e1dio \u00e9 riqu\u00edssima e\u00a0seu peso hist\u00f3rico \u00e9 not\u00e1vel em diferentes \u00e2mbitos: pol\u00edtico, art\u00edstico, jornal\u00edstico, esportivo etc. De qualquer maneira, sua validade\u00a0resiste, fazendo com que ainda seja\u00a0um dos ve\u00edculos de comunica\u00e7\u00e3o mais relevantes.<\/p>\n<p>Fonte:\u00a0 | TELETRONIX<\/p>\n","protected":false},"excerpt":{"rendered":"<p>A partir da\u00a0transmiss\u00e3o de ideias\u00a0\u00e9 poss\u00edvel construir rela\u00e7\u00f5es entre os&hellip;<\/p>\n<p> <a class=\"more-link\" href=\"https:\/\/sertsc.org.br\/site\/confira-3-curiosidades-sobre-historia-do-radio\/\">Leia mais<\/a><\/p>\n","protected":false},"author":1,"featured_media":5877,"comment_status":"closed","ping_status":"open","sticky":false,"template":"","format":"standard","meta":{"footnotes":""},"categories":[36],"tags":[67,50,70,65,51,62,43,52,63,66,64,71,53,54,46,60,47,56,61,58,69,59],"class_list":{"0":"post-5875","1":"post","2":"type-post","3":"status-publish","4":"format-standard","5":"has-post-thumbnail","7":"category-artigos","8":"tag-capacitacao","9":"tag-emissoras-de-radio","10":"tag-emissoras-de-radio-e-tv","11":"tag-emissoras-de-tv","12":"tag-encontro-regional","13":"tag-gestao","14":"tag-mctic","15":"tag-migracao-am-fm","16":"tag-planejamento-estrategico","17":"tag-radio-e-tv","18":"tag-redes-sociais","19":"tag-reforma-trabalhista","20":"tag-representante-patronal","21":"tag-santa-catarina","22":"tag-sc","23":"tag-seminarios","24":"tag-sertsc","25":"tag-sindicato-patronal","26":"tag-televisao","27":"tag-tv","28":"tag-tv-aberta","29":"tag-tv-digital"},"_links":{"self":[{"href":"https:\/\/sertsc.org.br\/site\/wp-json\/wp\/v2\/posts\/5875","targetHints":{"allow":["GET"]}}],"collection":[{"href":"https:\/\/sertsc.org.br\/site\/wp-json\/wp\/v2\/posts"}],"about":[{"href":"https:\/\/sertsc.org.br\/site\/wp-json\/wp\/v2\/types\/post"}],"author":[{"embeddable":true,"href":"https:\/\/sertsc.org.br\/site\/wp-json\/wp\/v2\/users\/1"}],"replies":[{"embeddable":true,"href":"https:\/\/sertsc.org.br\/site\/wp-json\/wp\/v2\/comments?post=5875"}],"version-history":[{"count":0,"href":"https:\/\/sertsc.org.br\/site\/wp-json\/wp\/v2\/posts\/5875\/revisions"}],"wp:featuredmedia":[{"embeddable":true,"href":"https:\/\/sertsc.org.br\/site\/wp-json\/"}],"wp:attachment":[{"href":"https:\/\/sertsc.org.br\/site\/wp-json\/wp\/v2\/media?parent=5875"}],"wp:term":[{"taxonomy":"category","embeddable":true,"href":"https:\/\/sertsc.org.br\/site\/wp-json\/wp\/v2\/categories?post=5875"},{"taxonomy":"post_tag","embeddable":true,"href":"https:\/\/sertsc.org.br\/site\/wp-json\/wp\/v2\/tags?post=5875"}],"curies":[{"name":"wp","href":"https:\/\/api.w.org\/{rel}","templated":true}]}}