{"id":5861,"date":"2017-10-11T16:20:04","date_gmt":"2017-10-11T19:20:04","guid":{"rendered":"http:\/\/www.sertsc.org.br\/site\/?p=5861"},"modified":"2017-10-11T16:20:04","modified_gmt":"2017-10-11T19:20:04","slug":"conheca-os-beneficios-de-ser-um-filiado-sertsc","status":"publish","type":"post","link":"https:\/\/sertsc.org.br\/site\/conheca-os-beneficios-de-ser-um-filiado-sertsc\/","title":{"rendered":"Conhe\u00e7a os benef\u00edcios de ser um filiado SERT\/SC"},"content":{"rendered":"<p style=\"text-align: justify;\">Ao longo deste ano de 2017, o Sindicato das Empresas de R\u00e1dio e Televis\u00e3o do Estado de Santa Catarina \u2013 SERT\/SC realizou quatro Encontros Regionais, em diferentes regi\u00f5es do estado catarinense. Os eventos tiveram como objetivo capacitar os filiados, para muni-los de informa\u00e7\u00f5es e ferramentas de trabalho que lhes sejam \u00fateis na gest\u00e3o de suas emissoras. Participaram dos treinamentos\/capacita\u00e7\u00f5es 245 radiodifusores. Os temas abordados foram reforma trabalhista e planejamento estrat\u00e9gico na radiodifus\u00e3o.<\/p>\n<p style=\"text-align: justify;\">Os Encontros Regionais foram realizados nas cidades de Treze T\u00edlias, Crici\u00fama, Chapec\u00f3 e em Blumenau que foi realizado no dia 22 de setembro, onde foi comemorado os 95 anos do R\u00e1dio no Brasil.<\/p>\n<p style=\"text-align: justify;\">Para encerrar o ano com chave do ouro, o <a href=\"http:\/\/www.sertsc.org.br\/site\/representante-patronal-do-radio-e-tv-de-santa-catarina\/\">Representante Patronal do R\u00e1dio e Televis\u00e3o de Santa Catarina<\/a> \u2013 SERT\/SC realizar\u00e1 nos dias 19 e 20 de novembro o 6\u00ba Semin\u00e1rio, que ser\u00e1 realizado nas depend\u00eancias do Plaza Caldas da Imperatriz Resort &amp; SPA, e ter\u00e1 como tema Converg\u00eancia e Resultado na radiodifus\u00e3o.<\/p>\n<p style=\"text-align: justify;\"><img fetchpriority=\"high\" decoding=\"async\" class=\"aligncenter wp-image-14154\" src=\"https:\/\/www.sertsc.org.br\/site\/wp-content\/uploads\/2017\/10\/baner-new-5-1024x906-1.jpg\" alt=\"\" width=\"800\" height=\"708\" \/><\/p>\n<p style=\"text-align: justify;\"><strong>Mais informa\u00e7\u00f5es \u00e0 imprensa:<\/strong><br \/>\nAssessoria de Comunica\u00e7\u00e3o \u2013 SERT\/SC<br \/>\nFone: (48) 3225-2122<\/p>\n<p style=\"text-align: justify;\"><a href=\"http:\/\/www.sertsc.org.br\/site\/\">http:\/\/www.sertsc.org.br\/site\/<\/a><\/p>\n<p style=\"text-align: justify;\"><a href=\"mailto:sert@sertsc.org.br\">sert@sertsc.org.br<\/a><\/p>\n<p style=\"text-align: justify;\"><a href=\"http:\/\/www.facebook.com\/sertsc\">www.facebook.com\/sertsc<\/a><\/p>\n<h3 style=\"text-align: justify;\"><\/h3>\n<p>&nbsp;<\/p>\n","protected":false},"excerpt":{"rendered":"<p>Ao longo deste ano de 2017, o Sindicato das Empresas&hellip;<\/p>\n<p> <a class=\"more-link\" href=\"https:\/\/sertsc.org.br\/site\/conheca-os-beneficios-de-ser-um-filiado-sertsc\/\">Leia mais<\/a><\/p>\n","protected":false},"author":1,"featured_media":5866,"comment_status":"closed","ping_status":"open","sticky":false,"template":"","format":"standard","meta":{"footnotes":""},"categories":[3],"tags":[67,50,70,65,51,62,43,52,63,66,64,71,53,54,46,60,47,56,61,58,69,59],"class_list":{"0":"post-5861","1":"post","2":"type-post","3":"status-publish","4":"format-standard","5":"has-post-thumbnail","7":"category-noticias","8":"tag-capacitacao","9":"tag-emissoras-de-radio","10":"tag-emissoras-de-radio-e-tv","11":"tag-emissoras-de-tv","12":"tag-encontro-regional","13":"tag-gestao","14":"tag-mctic","15":"tag-migracao-am-fm","16":"tag-planejamento-estrategico","17":"tag-radio-e-tv","18":"tag-redes-sociais","19":"tag-reforma-trabalhista","20":"tag-representante-patronal","21":"tag-santa-catarina","22":"tag-sc","23":"tag-seminarios","24":"tag-sertsc","25":"tag-sindicato-patronal","26":"tag-televisao","27":"tag-tv","28":"tag-tv-aberta","29":"tag-tv-digital"},"_links":{"self":[{"href":"https:\/\/sertsc.org.br\/site\/wp-json\/wp\/v2\/posts\/5861","targetHints":{"allow":["GET"]}}],"collection":[{"href":"https:\/\/sertsc.org.br\/site\/wp-json\/wp\/v2\/posts"}],"about":[{"href":"https:\/\/sertsc.org.br\/site\/wp-json\/wp\/v2\/types\/post"}],"author":[{"embeddable":true,"href":"https:\/\/sertsc.org.br\/site\/wp-json\/wp\/v2\/users\/1"}],"replies":[{"embeddable":true,"href":"https:\/\/sertsc.org.br\/site\/wp-json\/wp\/v2\/comments?post=5861"}],"version-history":[{"count":0,"href":"https:\/\/sertsc.org.br\/site\/wp-json\/wp\/v2\/posts\/5861\/revisions"}],"wp:featuredmedia":[{"embeddable":true,"href":"https:\/\/sertsc.org.br\/site\/wp-json\/"}],"wp:attachment":[{"href":"https:\/\/sertsc.org.br\/site\/wp-json\/wp\/v2\/media?parent=5861"}],"wp:term":[{"taxonomy":"category","embeddable":true,"href":"https:\/\/sertsc.org.br\/site\/wp-json\/wp\/v2\/categories?post=5861"},{"taxonomy":"post_tag","embeddable":true,"href":"https:\/\/sertsc.org.br\/site\/wp-json\/wp\/v2\/tags?post=5861"}],"curies":[{"name":"wp","href":"https:\/\/api.w.org\/{rel}","templated":true}]}}