{"id":5848,"date":"2017-10-11T14:00:08","date_gmt":"2017-10-11T17:00:08","guid":{"rendered":"http:\/\/www.sertsc.org.br\/site\/?p=5848"},"modified":"2017-10-11T14:00:08","modified_gmt":"2017-10-11T17:00:08","slug":"pessoas-que-nao-tem-receptores-amfm-em-casa-tambem-ouvem-menos-streaming-de-radio","status":"publish","type":"post","link":"https:\/\/sertsc.org.br\/site\/pessoas-que-nao-tem-receptores-amfm-em-casa-tambem-ouvem-menos-streaming-de-radio\/","title":{"rendered":"Pessoas que n\u00e3o t\u00eam receptores AM\/FM em casa tamb\u00e9m ouvem menos streaming de r\u00e1dio"},"content":{"rendered":"<p style=\"text-align: justify;\">Uma pesquisa da Integr8 Research comparou os h\u00e1bitos de consumo de m\u00fasica de pessoas cujo \u00fanico aparelho de r\u00e1dio AM\/FM que possui \u00e9 o do carro, com as que possuem outros receptores al\u00e9m deste.<\/p>\n<p style=\"text-align: justify;\">Pode-se observar (ver o gr\u00e1fico abaixo) que o comportamento dos usu\u00e1rios que\u00a0t\u00eam ou n\u00e3o um segundo receptor al\u00e9m daquele do carro, \u00e9 diferente quando se analisa o\u00a0consumo de streaming de r\u00e1dios.<\/p>\n<p style=\"text-align: justify;\">Usu\u00e1rios\u00a0que n\u00e3o t\u00eam o segundo receptor, consomem menos streaming de r\u00e1dio. A parcela dos usu\u00e1rios que t\u00eam o segundo receptor e ouvem o streaming do simulcast de uma emissora local FM \u00e9 de 35% contra\u00a0apenas 10% para o caso dos sem receptor.\u00a0Para o\u00a0streaming de r\u00e1dios internet-only, estes percentuais s\u00e3o 24% e 11% respectivamente.<\/p>\n<p style=\"text-align: justify;\">O analista da Integr8 sugere que usu\u00e1rios que n\u00e3o t\u00eam um segundo receptor s\u00e3o menos engajados ao estilo de programa\u00e7\u00e3o do r\u00e1dio. Por\u00e9m,\u00a0estes dois aspectos n\u00e3o parecem ter rela\u00e7\u00e3o de causa e efeito. Seria mais plaus\u00edvel supor que o usu\u00e1rio que n\u00e3o tem grande interesse no formato linear do r\u00e1dio, por consequ\u00eancia, possui\u00a0menos receptores e consome menos streaming\u00a0com este tipo de programa\u00e7\u00e3o.<\/p>\n<p style=\"text-align: justify;\">Por fim, o ponto positivo: o r\u00e1dio AM\/FM ainda \u00e9 a fonte principal para se ouvir m\u00fasicas.<\/p>\n<p style=\"text-align: justify;\"><a href=\"http:\/\/www.sertsc.org.br\/site\/wp-content\/uploads\/2017\/10\/o-que-voce-usa-para-ouvir-musica-ao-menos-uma-vez-por-semana.png\"><img fetchpriority=\"high\" decoding=\"async\" class=\"aligncenter size-full wp-image-5849\" src=\"http:\/\/www.sertsc.org.br\/site\/wp-content\/uploads\/2017\/10\/o-que-voce-usa-para-ouvir-musica-ao-menos-uma-vez-por-semana.png\" alt=\"o-que-voce-usa-para-ouvir-musica-ao-menos-uma-vez-por-semana\" width=\"780\" height=\"407\" \/><\/a><\/p>\n<p style=\"text-align: justify;\">Fonte: ZYDigital.<\/p>\n","protected":false},"excerpt":{"rendered":"<p>Uma pesquisa da Integr8 Research comparou os h\u00e1bitos de consumo&hellip;<\/p>\n<p> <a class=\"more-link\" href=\"https:\/\/sertsc.org.br\/site\/pessoas-que-nao-tem-receptores-amfm-em-casa-tambem-ouvem-menos-streaming-de-radio\/\">Leia mais<\/a><\/p>\n","protected":false},"author":1,"featured_media":5850,"comment_status":"closed","ping_status":"open","sticky":false,"template":"","format":"standard","meta":{"footnotes":""},"categories":[3],"tags":[67,50,70,65,51,62,43,52,63,66,64,71,53,54,46,60,47,56,61,58,69,59],"class_list":{"0":"post-5848","1":"post","2":"type-post","3":"status-publish","4":"format-standard","5":"has-post-thumbnail","7":"category-noticias","8":"tag-capacitacao","9":"tag-emissoras-de-radio","10":"tag-emissoras-de-radio-e-tv","11":"tag-emissoras-de-tv","12":"tag-encontro-regional","13":"tag-gestao","14":"tag-mctic","15":"tag-migracao-am-fm","16":"tag-planejamento-estrategico","17":"tag-radio-e-tv","18":"tag-redes-sociais","19":"tag-reforma-trabalhista","20":"tag-representante-patronal","21":"tag-santa-catarina","22":"tag-sc","23":"tag-seminarios","24":"tag-sertsc","25":"tag-sindicato-patronal","26":"tag-televisao","27":"tag-tv","28":"tag-tv-aberta","29":"tag-tv-digital"},"_links":{"self":[{"href":"https:\/\/sertsc.org.br\/site\/wp-json\/wp\/v2\/posts\/5848","targetHints":{"allow":["GET"]}}],"collection":[{"href":"https:\/\/sertsc.org.br\/site\/wp-json\/wp\/v2\/posts"}],"about":[{"href":"https:\/\/sertsc.org.br\/site\/wp-json\/wp\/v2\/types\/post"}],"author":[{"embeddable":true,"href":"https:\/\/sertsc.org.br\/site\/wp-json\/wp\/v2\/users\/1"}],"replies":[{"embeddable":true,"href":"https:\/\/sertsc.org.br\/site\/wp-json\/wp\/v2\/comments?post=5848"}],"version-history":[{"count":0,"href":"https:\/\/sertsc.org.br\/site\/wp-json\/wp\/v2\/posts\/5848\/revisions"}],"wp:featuredmedia":[{"embeddable":true,"href":"https:\/\/sertsc.org.br\/site\/wp-json\/"}],"wp:attachment":[{"href":"https:\/\/sertsc.org.br\/site\/wp-json\/wp\/v2\/media?parent=5848"}],"wp:term":[{"taxonomy":"category","embeddable":true,"href":"https:\/\/sertsc.org.br\/site\/wp-json\/wp\/v2\/categories?post=5848"},{"taxonomy":"post_tag","embeddable":true,"href":"https:\/\/sertsc.org.br\/site\/wp-json\/wp\/v2\/tags?post=5848"}],"curies":[{"name":"wp","href":"https:\/\/api.w.org\/{rel}","templated":true}]}}