{"id":5841,"date":"2017-10-10T15:35:21","date_gmt":"2017-10-10T18:35:21","guid":{"rendered":"http:\/\/www.sertsc.org.br\/site\/?p=5841"},"modified":"2017-10-10T15:35:21","modified_gmt":"2017-10-10T18:35:21","slug":"serra-gaucha-sediara-congresso-de-radiodifusao-da-agert","status":"publish","type":"post","link":"https:\/\/sertsc.org.br\/site\/serra-gaucha-sediara-congresso-de-radiodifusao-da-agert\/","title":{"rendered":"Serra Ga\u00facha sediar\u00e1 congresso de radiodifus\u00e3o da AGERT"},"content":{"rendered":"<div style=\"text-align: justify;\">Profissionais da radiodifus\u00e3o e estudantes de comunica\u00e7\u00e3o estar\u00e3o reunidos, entre os dias 24 e 26 de outubro, em Canela (RS), na Serra Ga\u00facha, para a 24\u00aa edi\u00e7\u00e3o do Congresso Ga\u00facho de R\u00e1dio e Televis\u00e3o. Organizado pela Associa\u00e7\u00e3o Ga\u00facha de Emissoras de R\u00e1dio e Televis\u00e3o (AGERT), o congresso acontece no Centro de Eventos do Hotel Continental e ter\u00e1, al\u00e9m das palestras sobre assuntos da radiodifus\u00e3o, uma feira de equipamentos.<\/div>\n<div style=\"text-align: justify;\"><\/div>\n<div style=\"text-align: justify;\">O presidente da ABERT, Paulo Tonet Camargo, dar\u00e1 as boas-vindas aos participantes na abertura do evento, dia 24, \u00e0s 19h30. Ele falar\u00e1 sobre o setor e a import\u00e2ncia do jornalismo profissional no combate \u00e0s not\u00edcias falsas. O diretor de Assuntos Legais da ABERT Cristiano Lobato Flores mediar\u00e1 o painel jur\u00eddico-regulat\u00f3rio, com representantes do Minist\u00e9rio da Ci\u00eancia, Tecnologia, Inova\u00e7\u00f5es e Comunica\u00e7\u00f5es (MCTIC) e da Ag\u00eancia Nacional de Telecomunica\u00e7\u00f5es (ANATEL).<\/div>\n<div style=\"text-align: justify;\"><\/div>\n<div style=\"text-align: justify;\">O painel \u201cComunica\u00e7\u00e3o na Era Digital: oportunidades para a radiodifus\u00e3o\u201d ter\u00e1 a participa\u00e7\u00e3o de profissionais de marketing. Os jornalistas Roberto Cabrini (SBT), Alexandre Garcia (TV Globo) e o diretor de tecnologia da RBS TV Carlos Fini estar\u00e3o reunidos no painel que debater\u00e1 a rela\u00e7\u00e3o do jornalismo e as m\u00eddias sociais. A tamb\u00e9m jornalista e apresentadora da RBS TV Cristina Ranzolin comandar\u00e1 o &#8220;Ch\u00e1 das Mulheres&#8221;, num bate-papo descontra\u00eddo com as mulheres de radiodifusores.<\/div>\n<div style=\"text-align: justify;\"><\/div>\n<div style=\"text-align: justify;\">O MobiAbert, aplicativo integrador de r\u00e1dios, estar\u00e1 na feira de equipamentos com um estande. O radiodifusor que ainda n\u00e3o participa do projeto poder\u00e1 conhecer, tirar d\u00favidas e cadastrar a emissora no integrador.<\/div>\n<div style=\"text-align: justify;\"><\/div>\n<div style=\"text-align: justify;\">Ao final do evento ser\u00e1 anunciada a composi\u00e7\u00e3o da nova diretoria da AGERT, decidida em assembleia geral ordin\u00e1ria durante o congresso.<\/div>\n<div style=\"text-align: justify;\"><\/div>\n<div style=\"text-align: justify;\"><strong>Fonte:<\/strong>\u00a0Tudo R\u00e1dio.<\/div>\n","protected":false},"excerpt":{"rendered":"<p>Profissionais da radiodifus\u00e3o e estudantes de comunica\u00e7\u00e3o estar\u00e3o reunidos, entre&hellip;<\/p>\n<p> <a class=\"more-link\" href=\"https:\/\/sertsc.org.br\/site\/serra-gaucha-sediara-congresso-de-radiodifusao-da-agert\/\">Leia mais<\/a><\/p>\n","protected":false},"author":1,"featured_media":5842,"comment_status":"closed","ping_status":"open","sticky":false,"template":"","format":"standard","meta":{"footnotes":""},"categories":[3],"tags":[67,50,70,65,51,62,43,52,63,66,64,71,53,54,46,60,47,56,61,58,69,59],"class_list":{"0":"post-5841","1":"post","2":"type-post","3":"status-publish","4":"format-standard","5":"has-post-thumbnail","7":"category-noticias","8":"tag-capacitacao","9":"tag-emissoras-de-radio","10":"tag-emissoras-de-radio-e-tv","11":"tag-emissoras-de-tv","12":"tag-encontro-regional","13":"tag-gestao","14":"tag-mctic","15":"tag-migracao-am-fm","16":"tag-planejamento-estrategico","17":"tag-radio-e-tv","18":"tag-redes-sociais","19":"tag-reforma-trabalhista","20":"tag-representante-patronal","21":"tag-santa-catarina","22":"tag-sc","23":"tag-seminarios","24":"tag-sertsc","25":"tag-sindicato-patronal","26":"tag-televisao","27":"tag-tv","28":"tag-tv-aberta","29":"tag-tv-digital"},"_links":{"self":[{"href":"https:\/\/sertsc.org.br\/site\/wp-json\/wp\/v2\/posts\/5841","targetHints":{"allow":["GET"]}}],"collection":[{"href":"https:\/\/sertsc.org.br\/site\/wp-json\/wp\/v2\/posts"}],"about":[{"href":"https:\/\/sertsc.org.br\/site\/wp-json\/wp\/v2\/types\/post"}],"author":[{"embeddable":true,"href":"https:\/\/sertsc.org.br\/site\/wp-json\/wp\/v2\/users\/1"}],"replies":[{"embeddable":true,"href":"https:\/\/sertsc.org.br\/site\/wp-json\/wp\/v2\/comments?post=5841"}],"version-history":[{"count":0,"href":"https:\/\/sertsc.org.br\/site\/wp-json\/wp\/v2\/posts\/5841\/revisions"}],"wp:featuredmedia":[{"embeddable":true,"href":"https:\/\/sertsc.org.br\/site\/wp-json\/"}],"wp:attachment":[{"href":"https:\/\/sertsc.org.br\/site\/wp-json\/wp\/v2\/media?parent=5841"}],"wp:term":[{"taxonomy":"category","embeddable":true,"href":"https:\/\/sertsc.org.br\/site\/wp-json\/wp\/v2\/categories?post=5841"},{"taxonomy":"post_tag","embeddable":true,"href":"https:\/\/sertsc.org.br\/site\/wp-json\/wp\/v2\/tags?post=5841"}],"curies":[{"name":"wp","href":"https:\/\/api.w.org\/{rel}","templated":true}]}}