{"id":5821,"date":"2017-09-25T10:11:20","date_gmt":"2017-09-25T13:11:20","guid":{"rendered":"http:\/\/www.sertsc.org.br\/site\/?p=5821"},"modified":"2017-09-25T10:11:20","modified_gmt":"2017-09-25T13:11:20","slug":"radio-e-tv-tem-mais-audiencia-e-credibilidade-que-internet","status":"publish","type":"post","link":"https:\/\/sertsc.org.br\/site\/radio-e-tv-tem-mais-audiencia-e-credibilidade-que-internet\/","title":{"rendered":"R\u00e1dio e TV t\u00eam mais audi\u00eancia e credibilidade que a Internet"},"content":{"rendered":"<p class=\"font-16\" style=\"text-align: justify;\">Dados comprovam a \u201cfor\u00e7a do R\u00e1dio e da TV\u201d, al\u00e9m de sua capacidade de converg\u00eancia<\/p>\n<p style=\"text-align: justify;\">O jornalista, pesquisador e escritor\u00a0<strong>Fernando Morgado<\/strong>, esteve em Santa Catarina durante o M\u00eddia Sul 2017 quando falou sobre \u201cA for\u00e7a do r\u00e1dio e da TV aberta\u201d. Ele, que \u00e9 autor de diversos livros sobre r\u00e1dio e TV, sendo o mais recente a biografia n\u00e3o autorizada &#8220;Silvio Santos &#8211; A Trajet\u00f3ria do Mito\u201d, provou por meio da apresenta\u00e7\u00e3o de dados e casos que as r\u00e1dios e tev\u00eas abertas se reinventaram e se mant\u00eam os meios mais confi\u00e1veis entre a popula\u00e7\u00e3o.<\/p>\n<p style=\"text-align: justify;\">Morgado lembrou que 89% dos brasileiros ouvem r\u00e1dio, 97% da popula\u00e7\u00e3o tem TV em casa, mas apenas 58% usam a Internet. \u00a0Veja os gr\u00e1ficos abaixo. (Fontes: Book do R\u00e1dio\/ Kantar IBOPE e PNAD\/IBGE)<\/p>\n<p style=\"text-align: justify;\"><img decoding=\"async\" src=\"http:\/\/www.acaert.com.br\/app\/webroot\/files\/ckeditor\/images\/slide1.jpg\" alt=\"\" \/><\/p>\n<p style=\"text-align: justify;\">\u201cA internet ainda n\u00e3o supera o consumo de R\u00e1dio e TV. Lembrando ainda que parte dessa audi\u00eancia online \u00e9 de pessoas que est\u00e3o consumindo r\u00e1dio e TV por outros meios, como aplicativos e redes sociais\u201d, destacou Morgado em sua apresenta\u00e7\u00e3o. (Veja o gr\u00e1fico abaixo da Interatividade com a TV)<\/p>\n<p style=\"text-align: justify;\">\n<p style=\"text-align: justify;\"><img decoding=\"async\" src=\"http:\/\/www.acaert.com.br\/app\/webroot\/files\/ckeditor\/images\/TVRadio%20NET.jpg\" alt=\"\" \/><\/p>\n<p style=\"text-align: justify;\">O palestrante destacou ainda diversos dados que comprovaram como os meios tradicionais s\u00e3o convergentes com os meios digitais, muitas vezes servindo como canais de interatividade, aferi\u00e7\u00e3o de audi\u00eancia e m\u00e9tricas para mensurar os resultados de campanhas publicit\u00e1rias.<\/p>\n<p style=\"text-align: justify;\"><strong>R\u00e1dio e TV: mais credibilidade<\/strong><\/p>\n<p style=\"text-align: justify;\">\u201cMesmo com o avan\u00e7o dos meios digitais, o r\u00e1dio e a TV aberta seguem como protagonistas no consumo e na difus\u00e3o de conte\u00fado no mundo. E o mais importante, com credibilidade em compara\u00e7\u00e3o com os meios digitais que, se expandem muito, mas voc\u00ea n\u00e3o pode confiar de primeira. Exigem o trabalho dos profissionais e a credibilidade que est\u00e1 nos ve\u00edculos profissionais, como as r\u00e1dios e as TVs abertas, que tem &#8211; inclusive &#8211; obriga\u00e7\u00f5es legais no seu compromisso com as comunidades\u201d, enfatizou Morgado.<\/p>\n<p style=\"text-align: justify;\">Segundo a Pesquisa Brasileira de M\u00eddia 2016, realizada pela Secretaria de Comunica\u00e7\u00e3o do Governo Federal, 57% dos brasileiros dizem confiar sempre ou muitas vezes no conte\u00fado veiculado pelo R\u00e1dio e 54% quando o conte\u00fado \u00e9 veiculado pela TV. Quando a pergunta destaca em qual meio eletr\u00f4nico\u00a0o brasileiro nunca confia, 84% n\u00e3o confiam em blogues, por exemplo, seguido por 83% que n\u00e3o cofiam nas redes sociais e 78% na internet de uma forma geral. \u00a0(veja o gr\u00e1fico abaixo)<\/p>\n<p style=\"text-align: justify;\"><img decoding=\"async\" src=\"http:\/\/www.acaert.com.br\/app\/webroot\/files\/ckeditor\/images\/Confian%C3%A7a-crop.jpg\" alt=\"\" \/><\/p>\n<p style=\"text-align: justify;\">Fernando Morgado lembrou ainda que Santa Catarina se destaca na Pesquisa Brasileira de M\u00eddia, da Secretaria de Comunica\u00e7\u00e3o do Governo Federal, onde as r\u00e1dios catarinenses aparecem com os maiores tempos m\u00e9dios. Para ele, resultado da evolu\u00e7\u00e3o tecnologia, de conte\u00fado e, principalmente, do engajamento do meio r\u00e1dio com a comunidade. \u201cO r\u00e1dio tem uma rela\u00e7\u00e3o com as comunidades locais muito forte e \u00e9 uma rela\u00e7\u00e3o de m\u00e3o dupla. Eu vejo essa simbiose muito forte, especialmente, aqui em Santa Catarina\u201d, afirmou Morgado.<\/p>\n<p style=\"text-align: justify;\">\n<p class=\"font-11\" style=\"text-align: justify;\">Fonte: ACAERT<\/p>\n","protected":false},"excerpt":{"rendered":"<p>Dados comprovam a \u201cfor\u00e7a do R\u00e1dio e da TV\u201d, al\u00e9m&hellip;<\/p>\n<p> <a class=\"more-link\" href=\"https:\/\/sertsc.org.br\/site\/radio-e-tv-tem-mais-audiencia-e-credibilidade-que-internet\/\">Leia mais<\/a><\/p>\n","protected":false},"author":1,"featured_media":5822,"comment_status":"closed","ping_status":"open","sticky":false,"template":"","format":"standard","meta":{"footnotes":""},"categories":[3],"tags":[],"class_list":{"0":"post-5821","1":"post","2":"type-post","3":"status-publish","4":"format-standard","5":"has-post-thumbnail","7":"category-noticias"},"_links":{"self":[{"href":"https:\/\/sertsc.org.br\/site\/wp-json\/wp\/v2\/posts\/5821","targetHints":{"allow":["GET"]}}],"collection":[{"href":"https:\/\/sertsc.org.br\/site\/wp-json\/wp\/v2\/posts"}],"about":[{"href":"https:\/\/sertsc.org.br\/site\/wp-json\/wp\/v2\/types\/post"}],"author":[{"embeddable":true,"href":"https:\/\/sertsc.org.br\/site\/wp-json\/wp\/v2\/users\/1"}],"replies":[{"embeddable":true,"href":"https:\/\/sertsc.org.br\/site\/wp-json\/wp\/v2\/comments?post=5821"}],"version-history":[{"count":0,"href":"https:\/\/sertsc.org.br\/site\/wp-json\/wp\/v2\/posts\/5821\/revisions"}],"wp:featuredmedia":[{"embeddable":true,"href":"https:\/\/sertsc.org.br\/site\/wp-json\/"}],"wp:attachment":[{"href":"https:\/\/sertsc.org.br\/site\/wp-json\/wp\/v2\/media?parent=5821"}],"wp:term":[{"taxonomy":"category","embeddable":true,"href":"https:\/\/sertsc.org.br\/site\/wp-json\/wp\/v2\/categories?post=5821"},{"taxonomy":"post_tag","embeddable":true,"href":"https:\/\/sertsc.org.br\/site\/wp-json\/wp\/v2\/tags?post=5821"}],"curies":[{"name":"wp","href":"https:\/\/api.w.org\/{rel}","templated":true}]}}