{"id":5697,"date":"2017-09-26T08:34:29","date_gmt":"2017-09-26T11:34:29","guid":{"rendered":"http:\/\/www.sertsc.org.br\/site\/?p=5697"},"modified":"2017-09-26T08:34:29","modified_gmt":"2017-09-26T11:34:29","slug":"desligamento-da-tv-analogica-e-adiado-em-juazeiro-e-sobral","status":"publish","type":"post","link":"https:\/\/sertsc.org.br\/site\/desligamento-da-tv-analogica-e-adiado-em-juazeiro-e-sobral\/","title":{"rendered":"Desligamento da TV anal\u00f3gica \u00e9 adiado em Juazeiro e Sobral"},"content":{"rendered":"<div class=\"itemIntroText\">\n<p style=\"text-align: justify;\">As cidades cearenses de Juazeiro e Sobral, que tinham o desligamento do sinal anal\u00f3gico de TV previsto para a pr\u00f3xima quarta-feira (27), tiveram o calend\u00e1rio adiado para 28 de fevereiro de 2018.<\/p>\n<\/div>\n<div class=\"itemFullText\" style=\"text-align: justify;\">\n<p>O Gired (grupo respons\u00e1vel pela implanta\u00e7\u00e3o da TV digital no Brasil) decidiu adiar a data do fim das transmiss\u00f5es anal\u00f3gicas ap\u00f3s pesquisa apresentada nesta segunda-feira (25) apontar que as duas cidades n\u00e3o atingiram o m\u00ednimo de 90% dos domic\u00edlios aptos a receber o sinal digital de televis\u00e3o terrestre e aberta, como previsto na Portaria 378\/2016 do Minist\u00e9rio das Comunica\u00e7\u00f5es. De acordo com a pesquisa, Juazeiro alcan\u00e7ou 76% de digitaliza\u00e7\u00e3o e Sobral, 73%. Isso tudo de acordo com o Ibope.<\/p>\n<p>As capitais Fortaleza (CE) e Salvador (BA) ter\u00e3o a data de desligamento de 27 de setembro mantida, j\u00e1 que superaram o \u00edndice m\u00ednimo exigido pelo governo, chegando a, respectivamente, 93% e 91% de resid\u00eancias aptas a receber o sinal digital.<\/p>\n<p>\u201cAs popula\u00e7\u00f5es de Fortaleza e Salvador perceberam a import\u00e2ncia desse momento e se prepararam para a chegada do sinal digital. A capital baiana, por exemplo, alcan\u00e7ou o \u00edndice mais elevado at\u00e9 agora entre todas as regi\u00f5es metropolitanas brasileiras que j\u00e1 desligaram o sinal anal\u00f3gico. S\u00f3 assim, essas popula\u00e7\u00f5es ter\u00e3o sua programa\u00e7\u00e3o favorita garantida na TV aberta e gratuita. As campanhas de comunica\u00e7\u00e3o em Juazeiro e Sobral devem ser intensificadas para que as popula\u00e7\u00f5es percebam a necessidade de adaptar seus televisores&#8221;, afirma o diretor geral da ABERT, Luis Roberto Antonik.<\/p>\n<p>A pesquisa do Ibope tamb\u00e9m abrangeu importantes cidades do estado de S\u00e3o Paulo. Santos est\u00e1 com 83% de digitaliza\u00e7\u00e3o, Campinas com 80%, o Vale do Para\u00edba com 78% e Ribeir\u00e3o Preto com 76% A cidade com maior dificuldade, Franca, ainda est\u00e1 com 69% de digitaliza\u00e7\u00e3o. &#8220;Apesar da evolu\u00e7\u00e3o dos n\u00fameros estar dentro do cronograma, as emissoras de TV precisam intensificar sua comunica\u00e7\u00e3o e em especial o jornalismo local\u201d, alerta Antonik.<\/p>\n<p>De acordo com o diretor geral, &#8220;pela experi\u00eancia em outras sedes municipais, os n\u00fameros das cidades do interior de S\u00e3o Paulo, com desligamento previsto para 29 de novembro, devem melhorar com o tempo e alcan\u00e7ar o percentual m\u00ednimo exigido pelo Minist\u00e9rio das Comunica\u00e7\u00f5es, de 90% de resid\u00eancia digitalizadas&#8221;, diz ele.<\/p>\n<\/div>\n<div class=\"itemBottom\" style=\"text-align: justify;\">\u00a0Fonte: ABERT.<\/div>\n","protected":false},"excerpt":{"rendered":"<p>As cidades cearenses de Juazeiro e Sobral, que tinham o&hellip;<\/p>\n<p> <a class=\"more-link\" href=\"https:\/\/sertsc.org.br\/site\/desligamento-da-tv-analogica-e-adiado-em-juazeiro-e-sobral\/\">Leia mais<\/a><\/p>\n","protected":false},"author":1,"featured_media":5699,"comment_status":"closed","ping_status":"open","sticky":false,"template":"","format":"standard","meta":{"footnotes":""},"categories":[3],"tags":[67,72,50,70,65,51,62,43,52,63,66,64,71,53,54,46,60,47,56,61,58,69,59],"class_list":{"0":"post-5697","1":"post","2":"type-post","3":"status-publish","4":"format-standard","5":"has-post-thumbnail","7":"category-noticias","8":"tag-capacitacao","9":"tag-dia-do-radio","10":"tag-emissoras-de-radio","11":"tag-emissoras-de-radio-e-tv","12":"tag-emissoras-de-tv","13":"tag-encontro-regional","14":"tag-gestao","15":"tag-mctic","16":"tag-migracao-am-fm","17":"tag-planejamento-estrategico","18":"tag-radio-e-tv","19":"tag-redes-sociais","20":"tag-reforma-trabalhista","21":"tag-representante-patronal","22":"tag-santa-catarina","23":"tag-sc","24":"tag-seminarios","25":"tag-sertsc","26":"tag-sindicato-patronal","27":"tag-televisao","28":"tag-tv","29":"tag-tv-aberta","30":"tag-tv-digital"},"_links":{"self":[{"href":"https:\/\/sertsc.org.br\/site\/wp-json\/wp\/v2\/posts\/5697","targetHints":{"allow":["GET"]}}],"collection":[{"href":"https:\/\/sertsc.org.br\/site\/wp-json\/wp\/v2\/posts"}],"about":[{"href":"https:\/\/sertsc.org.br\/site\/wp-json\/wp\/v2\/types\/post"}],"author":[{"embeddable":true,"href":"https:\/\/sertsc.org.br\/site\/wp-json\/wp\/v2\/users\/1"}],"replies":[{"embeddable":true,"href":"https:\/\/sertsc.org.br\/site\/wp-json\/wp\/v2\/comments?post=5697"}],"version-history":[{"count":0,"href":"https:\/\/sertsc.org.br\/site\/wp-json\/wp\/v2\/posts\/5697\/revisions"}],"wp:featuredmedia":[{"embeddable":true,"href":"https:\/\/sertsc.org.br\/site\/wp-json\/"}],"wp:attachment":[{"href":"https:\/\/sertsc.org.br\/site\/wp-json\/wp\/v2\/media?parent=5697"}],"wp:term":[{"taxonomy":"category","embeddable":true,"href":"https:\/\/sertsc.org.br\/site\/wp-json\/wp\/v2\/categories?post=5697"},{"taxonomy":"post_tag","embeddable":true,"href":"https:\/\/sertsc.org.br\/site\/wp-json\/wp\/v2\/tags?post=5697"}],"curies":[{"name":"wp","href":"https:\/\/api.w.org\/{rel}","templated":true}]}}