{"id":5692,"date":"2017-09-25T16:06:18","date_gmt":"2017-09-25T19:06:18","guid":{"rendered":"http:\/\/www.sertsc.org.br\/site\/?p=5692"},"modified":"2017-09-25T16:06:18","modified_gmt":"2017-09-25T19:06:18","slug":"desligamento-da-tv-analogica-enfrenta-problemas-em-cidades-do-interior-do-nordeste","status":"publish","type":"post","link":"https:\/\/sertsc.org.br\/site\/desligamento-da-tv-analogica-enfrenta-problemas-em-cidades-do-interior-do-nordeste\/","title":{"rendered":"DESLIGAMENTO DA TV ANAL\u00d3GICA ENFRENTA PROBLEMAS EM CIDADES DO INTERIOR DO NORDESTE"},"content":{"rendered":"<p class=\"post-subtitle subtitle\" style=\"text-align: justify;\">As cidades de Salvador, na Bahia, e Fortaleza, no Cear\u00e1, ter\u00e3o as TVs anal\u00f3gicas desligadas na data programada: pr\u00f3xima quarta-feira, dia 27 de setembro. Conforme pesquisa, 93% das resid\u00eancias de Salvador j\u00e1 est\u00e3o aptas a receber os sinais de TV digital e, em Fortaleza, a digitaliza\u00e7\u00e3o alcan\u00e7ou 95% das casas. Mas duas outras cidades cearenses, que tamb\u00e9m deviam ter o fim dos sinais anal\u00f3gicos esta semana, n\u00e3o conseguiram alcan\u00e7ar o percentual m\u00ednimo. Juazeiro e Sobral &#8211; com 76% e 73% &#8211; sa\u00edram da lista, por decis\u00e3o de hoje do Gired. O desligamento nessas duas cidades foi reprogramado para fevereiro de 2018.<\/p>\n<p>Conforme decis\u00e3o de hoje, 25, do Gired, fica mantida a data da pr\u00f3xima quarta, dia 27, para o desligamento dos sinais de TV anal\u00f3gica em Fortaleza (CE) e Salvador. Mas\u00a0\u00e9 adiado\u00a0para fevereiro de 2018 o desligamento das TVs nas cidades de Juazeiro e Sobral, tamb\u00e9m do Cear\u00e1, que estava previsto para esta semana. Nessas duas cidades n\u00e3o foi alcan\u00e7ado o n\u00famero m\u00ednimo de resid\u00eancias aptas a receber os sinais digitais.<\/p>\n<p>Em Salvador, as fam\u00edlias que integram o Bolsa Fam\u00edlia t\u00eam 96% de suas resid\u00eancias prontas para receber o sinal (aponta a pesquisa da EaD, ou da Seja Digital) dos demais programas sociais, a digitaliza\u00e7\u00e3o alcan\u00e7ou 91%. J\u00e1 em Fortaleza, a digitaliza\u00e7\u00e3o das fam\u00edlias carentes foi de 95% para o Bolsa Fam\u00edlia e de 92% para os demais programas. Essa digitaliza\u00e7\u00e3o \u00e9 poss\u00edvel porque s\u00e3o distribu\u00eddos Kits de conversores e antenas pela Seja Digital, empresa\u00a0criada pelas operadoras de celular para financiar a migra\u00e7\u00e3o dos sinais de TV.<\/p>\n<p>SP<\/p>\n<p>As cidades do estado de S\u00e3o Paulo, cujo desligamento est\u00e1 previsto para o dia 29 de novembro, algumas est\u00e3o com muito bom desempenho e outras ainda precisam de mais trabalho da Seja Digital. Conforme a pesquisa divulgada hoje no Gired, Santos j\u00e1 est\u00e1 com 83% de digitaliza\u00e7\u00e3o, Campinas com 80%. Vale do Para\u00edba, com 78% e Ribeir\u00e3o Preto, com 76%. Franca \u00e9 a cidade com mais dificuldades \u2013 69%.<\/p>\n<p>Fonte: Tele S\u00edntese.<\/p>\n","protected":false},"excerpt":{"rendered":"<p>As cidades de Salvador, na Bahia, e Fortaleza, no Cear\u00e1,&hellip;<\/p>\n<p> <a class=\"more-link\" href=\"https:\/\/sertsc.org.br\/site\/desligamento-da-tv-analogica-enfrenta-problemas-em-cidades-do-interior-do-nordeste\/\">Leia mais<\/a><\/p>\n","protected":false},"author":1,"featured_media":5693,"comment_status":"closed","ping_status":"open","sticky":false,"template":"","format":"standard","meta":{"footnotes":""},"categories":[3],"tags":[67,72,50,70,65,51,62,43,52,63,66,64,71,53,54,46,60,47,56,61,58,69,59],"class_list":{"0":"post-5692","1":"post","2":"type-post","3":"status-publish","4":"format-standard","5":"has-post-thumbnail","7":"category-noticias","8":"tag-capacitacao","9":"tag-dia-do-radio","10":"tag-emissoras-de-radio","11":"tag-emissoras-de-radio-e-tv","12":"tag-emissoras-de-tv","13":"tag-encontro-regional","14":"tag-gestao","15":"tag-mctic","16":"tag-migracao-am-fm","17":"tag-planejamento-estrategico","18":"tag-radio-e-tv","19":"tag-redes-sociais","20":"tag-reforma-trabalhista","21":"tag-representante-patronal","22":"tag-santa-catarina","23":"tag-sc","24":"tag-seminarios","25":"tag-sertsc","26":"tag-sindicato-patronal","27":"tag-televisao","28":"tag-tv","29":"tag-tv-aberta","30":"tag-tv-digital"},"_links":{"self":[{"href":"https:\/\/sertsc.org.br\/site\/wp-json\/wp\/v2\/posts\/5692","targetHints":{"allow":["GET"]}}],"collection":[{"href":"https:\/\/sertsc.org.br\/site\/wp-json\/wp\/v2\/posts"}],"about":[{"href":"https:\/\/sertsc.org.br\/site\/wp-json\/wp\/v2\/types\/post"}],"author":[{"embeddable":true,"href":"https:\/\/sertsc.org.br\/site\/wp-json\/wp\/v2\/users\/1"}],"replies":[{"embeddable":true,"href":"https:\/\/sertsc.org.br\/site\/wp-json\/wp\/v2\/comments?post=5692"}],"version-history":[{"count":0,"href":"https:\/\/sertsc.org.br\/site\/wp-json\/wp\/v2\/posts\/5692\/revisions"}],"wp:featuredmedia":[{"embeddable":true,"href":"https:\/\/sertsc.org.br\/site\/wp-json\/"}],"wp:attachment":[{"href":"https:\/\/sertsc.org.br\/site\/wp-json\/wp\/v2\/media?parent=5692"}],"wp:term":[{"taxonomy":"category","embeddable":true,"href":"https:\/\/sertsc.org.br\/site\/wp-json\/wp\/v2\/categories?post=5692"},{"taxonomy":"post_tag","embeddable":true,"href":"https:\/\/sertsc.org.br\/site\/wp-json\/wp\/v2\/tags?post=5692"}],"curies":[{"name":"wp","href":"https:\/\/api.w.org\/{rel}","templated":true}]}}