{"id":5665,"date":"2017-09-25T13:49:20","date_gmt":"2017-09-25T16:49:20","guid":{"rendered":"http:\/\/www.sertsc.org.br\/site\/?p=5665"},"modified":"2017-09-25T13:49:20","modified_gmt":"2017-09-25T16:49:20","slug":"5665-2","status":"publish","type":"post","link":"https:\/\/sertsc.org.br\/site\/5665-2\/","title":{"rendered":"SERT\/SC promoveu o 4\u00ba Encontro Regional de 2017"},"content":{"rendered":"<p style=\"text-align: justify;\"><span style=\"font-size: 14.0pt; font-family: 'Arial Narrow','sans-serif';\">O Sindicato das Empresas de R\u00e1dio e Televis\u00e3o do Estado de Santa Catarina \u2013 SERT\/SC promoveu no dia 22 de setembro, o 4\u00ba Encontro Regional no Plaza Hotel Blumenau, com as emissoras de r\u00e1dio e televis\u00e3o da regi\u00e3o do Vale do Itaja\u00ed. A entidade esteve representada pelo<span class=\"apple-converted-space\">\u00a0<\/span>presidente Carlos Alberto Ross, membros da diretoria, Rubens Olbrisch, Rani\u00e9ri Bertoli, Humberto Ohf de Andrade, Darel D\u2019Avila e <span style=\"background: white;\">Evelasio Paulo Vieira<\/span>, o consultor jur\u00eddico, Marcos Ant\u00f4nio Silveira, a gerente G\u00e9deas Gomes, Jhenifer Schmitt do Jornalismo e Karoline Abreu do administrativo.<\/span><\/p>\n<p style=\"text-align: justify;\"><span style=\"font-size: 14.0pt; font-family: 'Arial Narrow','sans-serif';\">Para a Diretoria do SERT\/SC a realiza\u00e7\u00e3o do<span class=\"apple-converted-space\">\u00a0<\/span>ciclo de<span class=\"apple-converted-space\">\u00a0<\/span>palestras t\u00eam como objetivo proporcionar um interc\u00e2mbio de conhecimento e contribuir no aperfei\u00e7oamento organizacional e jur\u00eddico das filiadas, e objetivo proposto foi alcan\u00e7ado com \u00eaxito.<\/span><\/p>\n<p style=\"text-align: justify;\"><span style=\"font-size: 14.0pt; font-family: 'Arial Narrow','sans-serif';\">Prestigiaram o evento as autoridades Napole\u00e3o Bernardes, Prefeito de Blumenau e o Senador Dal\u00edrio Beber. <\/span><\/p>\n<p style=\"text-align: justify;\"><span style=\"font-size: 14.0pt; font-family: 'Arial Narrow','sans-serif';\">Posteriormente, o consultor jur\u00eddico do SERT\/SC, Dr. Marcos Ant\u00f4nio Silveira, palestrou sobre a Reforma Trabalhista, as mudan\u00e7as que ser\u00e3o aplicadas as empresas de radiodifus\u00e3o. E, em seguida o professor\/pesquisador Fernando Morgado falou sobre Planejamento Estrat\u00e9gico na radiodifus\u00e3o, ampliando o tema para as mudan\u00e7as ao longo dos 95 anos do R\u00e1dio, a migra\u00e7\u00e3o AM\/FM, pulveriza\u00e7\u00e3o da audi\u00eancia entre outros assuntos que englobam a realidade do setor.<\/span><\/p>\n<p style=\"text-align: justify;\"><span style=\"font-size: 14.0pt; font-family: 'Arial Narrow','sans-serif';\">Encerramos nossos Encontros Regionais deste ano com chave de ouro. Todos os eventos tiveram um n\u00fameros expressivo de participantes. <\/span><\/p>\n<p style=\"text-align: justify;\"><span style=\"font-size: 14.0pt; font-family: 'Arial Narrow','sans-serif';\">O nosso trabalho n\u00e3o para por aqui, novos desafios e projetos est\u00e3o por vir, para que cada dia mais possamos melhor atend\u00ea-los, afinal o nosso maior ativo s\u00e3o os nossos filiados. <\/span><\/p>\n<p style=\"text-align: justify;\"><span style=\"font-size: 14.0pt; font-family: 'Arial Narrow','sans-serif';\">Para finalizar, foi oferecido um\u00a0jantar para os participantes, promovendo uma integra\u00e7\u00e3o ainda maior entre os presentes no encontro.<\/span><\/p>\n<p style=\"text-align: center;\"><a href=\"https:\/\/www.flickr.com\/photos\/sert2011\/albums\/72157689573521865\" target=\"_blank\" rel=\"noopener noreferrer\">FOTOS:\u00a0<\/a><\/p>\n\n<p style=\"text-align: center;\"><strong>CONTE SEMPRE COM O SERT\/SC!<\/strong><\/p>\n","protected":false},"excerpt":{"rendered":"<p>O Sindicato das Empresas de R\u00e1dio e Televis\u00e3o do Estado&hellip;<\/p>\n<p> <a class=\"more-link\" href=\"https:\/\/sertsc.org.br\/site\/5665-2\/\">Leia mais<\/a><\/p>\n","protected":false},"author":1,"featured_media":5667,"comment_status":"closed","ping_status":"open","sticky":false,"template":"","format":"standard","meta":{"footnotes":""},"categories":[3],"tags":[67,72,50,70,65,51,62,43,52,63,66,64,71,53,54,46,60,47,56,61,58,69,59],"class_list":{"0":"post-5665","1":"post","2":"type-post","3":"status-publish","4":"format-standard","5":"has-post-thumbnail","7":"category-noticias","8":"tag-capacitacao","9":"tag-dia-do-radio","10":"tag-emissoras-de-radio","11":"tag-emissoras-de-radio-e-tv","12":"tag-emissoras-de-tv","13":"tag-encontro-regional","14":"tag-gestao","15":"tag-mctic","16":"tag-migracao-am-fm","17":"tag-planejamento-estrategico","18":"tag-radio-e-tv","19":"tag-redes-sociais","20":"tag-reforma-trabalhista","21":"tag-representante-patronal","22":"tag-santa-catarina","23":"tag-sc","24":"tag-seminarios","25":"tag-sertsc","26":"tag-sindicato-patronal","27":"tag-televisao","28":"tag-tv","29":"tag-tv-aberta","30":"tag-tv-digital"},"_links":{"self":[{"href":"https:\/\/sertsc.org.br\/site\/wp-json\/wp\/v2\/posts\/5665","targetHints":{"allow":["GET"]}}],"collection":[{"href":"https:\/\/sertsc.org.br\/site\/wp-json\/wp\/v2\/posts"}],"about":[{"href":"https:\/\/sertsc.org.br\/site\/wp-json\/wp\/v2\/types\/post"}],"author":[{"embeddable":true,"href":"https:\/\/sertsc.org.br\/site\/wp-json\/wp\/v2\/users\/1"}],"replies":[{"embeddable":true,"href":"https:\/\/sertsc.org.br\/site\/wp-json\/wp\/v2\/comments?post=5665"}],"version-history":[{"count":0,"href":"https:\/\/sertsc.org.br\/site\/wp-json\/wp\/v2\/posts\/5665\/revisions"}],"wp:featuredmedia":[{"embeddable":true,"href":"https:\/\/sertsc.org.br\/site\/wp-json\/"}],"wp:attachment":[{"href":"https:\/\/sertsc.org.br\/site\/wp-json\/wp\/v2\/media?parent=5665"}],"wp:term":[{"taxonomy":"category","embeddable":true,"href":"https:\/\/sertsc.org.br\/site\/wp-json\/wp\/v2\/categories?post=5665"},{"taxonomy":"post_tag","embeddable":true,"href":"https:\/\/sertsc.org.br\/site\/wp-json\/wp\/v2\/tags?post=5665"}],"curies":[{"name":"wp","href":"https:\/\/api.w.org\/{rel}","templated":true}]}}