{"id":5656,"date":"2017-09-25T09:25:32","date_gmt":"2017-09-25T12:25:32","guid":{"rendered":"http:\/\/www.sertsc.org.br\/site\/?p=5656"},"modified":"2017-09-25T09:25:32","modified_gmt":"2017-09-25T12:25:32","slug":"governo-anuncia-extensao-das-faixas-fm-em-congresso-da-abratel","status":"publish","type":"post","link":"https:\/\/sertsc.org.br\/site\/governo-anuncia-extensao-das-faixas-fm-em-congresso-da-abratel\/","title":{"rendered":"Governo anuncia extens\u00e3o das faixas FM em congresso da Abratel"},"content":{"rendered":"<p style=\"text-align: justify;\">Os ministros Marcos Pereira (Ind\u00fastria, Com\u00e9rcio Exterior e Servi\u00e7os) e Gilberto Kassab (Comunica\u00e7\u00f5es) assinaram nesta quinta-feira (21) uma portaria para estender as faixas FM nas r\u00e1dios do Brasil, que atualmente variam entre as frequ\u00eancias 88 e 108 mega-hertz.<\/p>\n<p style=\"text-align: justify;\">A medida, assinada durante a abertura do 1\u00ba Congresso da Abratel (Associa\u00e7\u00e3o Brasileira de R\u00e1dio e Televis\u00e3o), em S\u00e3o Paulo, ser\u00e1 publicada nesta sexta-feira (22) no Di\u00e1rio Oficial e visa transferir todas as emiss\u00f5es sintonizadas nas faixas AM para o FM at\u00e9 o in\u00edcio de 2019.<\/p>\n<p style=\"text-align: justify;\">Para isso, a ind\u00fastria dever\u00e1 come\u00e7ar a produzir equipamentos que atendam as novas frequ\u00eancias.<\/p>\n<p style=\"text-align: justify;\">O ministro Marcos Pereira disse que a portaria vai alterar o processo de produ\u00e7\u00e3o dos aparelhos de \u00e1udio e v\u00eddeo do Pa\u00eds. De acordo com Pereira, a medida cria a obriga\u00e7\u00e3o para que os aparelhos fabricados incorporem a capacidade de recep\u00e7\u00e3o entre as faixas de 76 e 108 mega-hertz.<\/p>\n<p style=\"text-align: justify;\">\u2014 Essa foi uma demanda da Abratel e de todo o setor de radiodifus\u00e3o, que se coagulam com a tradi\u00e7\u00e3o de converg\u00eancia de pol\u00edticas do governo federal.<\/p>\n<p style=\"text-align: justify;\">O vice-presidente da Abratel e presidente da Record TV, Luiz Claudio Costa, classificou a portaria como uma &#8220;conquista muito grande&#8221; aos radiodifusores. Ele destaca que o r\u00e1dio continua como um meio de comunica\u00e7\u00e3o expressivo mesmo ap\u00f3s seu fim j\u00e1 ter sido anunciado por in\u00fameras vezes.<\/p>\n<p style=\"text-align: justify;\">\u2014 Quem passar a adquirir um r\u00e1dio a partir de agora vai ter j\u00e1 essa faixa estendida no FM para que a pessoa n\u00e3o deixe de sintonizar essas novas r\u00e1dios que entram nessas novas frequ\u00eancias.<\/p>\n<div id=\"inner-ad-container\" class=\"\" style=\"text-align: justify;\"><\/div>\n<p style=\"text-align: justify;\">Gilberto Kassab, por sua vez, elogiou a parceria realizada com Marcos Pereira para a migra\u00e7\u00e3o das emissoras. Ele afirma que, at\u00e9 o final de 2018, aproximadamente 1.000 emissoras de r\u00e1dio passar\u00e3o pela transforma\u00e7\u00e3o.<\/p>\n<p style=\"text-align: justify;\">\u2014 Teremos condi\u00e7\u00f5es de oferecer mais emissoras ao nosso Pa\u00eds, principalmente \u00e0queles que n\u00e3o poderiam ter acesso a elas. Por isso, a radiodifus\u00e3o vai ter uma presen\u00e7a mais forte no territ\u00f3rio brasileiro. O sistema de digitaliza\u00e7\u00e3o permite colocar o Brasil no que h\u00e1 de mais moderno na radiofus\u00e3o.<\/p>\n<p style=\"text-align: justify;\">Em v\u00eddeo, o presidente da Abratel e diretor corporativo da Record TV, M\u00e1rcio Silva Novaes, disse que a associa\u00e7\u00e3o est\u00e1 embasada na atua\u00e7\u00e3o em prol do r\u00e1dio pela preserva\u00e7\u00e3o da credibilidade oferecida pelo meio de comunica\u00e7\u00e3o.<\/p>\n<p style=\"text-align: justify;\">\u2014 Agora n\u00f3s temos a migra\u00e7\u00e3o do AM para o FM muito bem tocada e temos a faixa estendida. [&#8230;] Quando as pessoas ouvem not\u00edcias nas redes sociais e desconfiam, v\u00e3o buscar em n\u00f3s, radiodifusores, a certeza.<\/p>\n<p style=\"text-align: justify;\">Na cerim\u00f4nia desta noite, a Abratel ainda concedeu pr\u00eamios ao presidente da Anatel (Ag\u00eancia Nacional de Telecomunica\u00e7\u00f5es), Juarez Quadros, ao presidente da Seja Digital, Ant\u00f4nio Carlos Martelletto, e ao ministro Kassab por suas atividades desenvolvidas no setor das telecomunica\u00e7\u00f5es.<\/p>\n<p style=\"text-align: justify;\">Ao final do evento, foi realizada uma homenagem ao jornalista e apresentador da Record TV Marcelo Rezende, que faleceu, aos 65 anos, no \u00faltimo s\u00e1bado (18).<\/p>\n<p style=\"text-align: justify;\">Tamb\u00e9m estiveram presentes ao Congresso Abratel de Comunica\u00e7\u00e3o o ministro da Cultura, S\u00e9rgio S\u00e1 Leit\u00e3o, o vice-governador de S\u00e3o Paulo, M\u00e1rcio Fran\u00e7a (PSB), o presidente do TJ-SP, desembargador Paulo Dimas de Bellis Marcaretti, e o CEO do Grupo Record, Marcus Vin\u00edcius Vieira.<\/p>\n<p style=\"text-align: justify;\">Fonte: R7.<\/p>\n","protected":false},"excerpt":{"rendered":"<p>Os ministros Marcos Pereira (Ind\u00fastria, Com\u00e9rcio Exterior e Servi\u00e7os) e&hellip;<\/p>\n<p> <a class=\"more-link\" href=\"https:\/\/sertsc.org.br\/site\/governo-anuncia-extensao-das-faixas-fm-em-congresso-da-abratel\/\">Leia mais<\/a><\/p>\n","protected":false},"author":1,"featured_media":5659,"comment_status":"closed","ping_status":"open","sticky":false,"template":"","format":"standard","meta":{"footnotes":""},"categories":[3],"tags":[67,72,50,70,65,51,62,43,52,63,66,64,71,53,54,46,60,47,56,61,58,69,59],"class_list":{"0":"post-5656","1":"post","2":"type-post","3":"status-publish","4":"format-standard","5":"has-post-thumbnail","7":"category-noticias","8":"tag-capacitacao","9":"tag-dia-do-radio","10":"tag-emissoras-de-radio","11":"tag-emissoras-de-radio-e-tv","12":"tag-emissoras-de-tv","13":"tag-encontro-regional","14":"tag-gestao","15":"tag-mctic","16":"tag-migracao-am-fm","17":"tag-planejamento-estrategico","18":"tag-radio-e-tv","19":"tag-redes-sociais","20":"tag-reforma-trabalhista","21":"tag-representante-patronal","22":"tag-santa-catarina","23":"tag-sc","24":"tag-seminarios","25":"tag-sertsc","26":"tag-sindicato-patronal","27":"tag-televisao","28":"tag-tv","29":"tag-tv-aberta","30":"tag-tv-digital"},"_links":{"self":[{"href":"https:\/\/sertsc.org.br\/site\/wp-json\/wp\/v2\/posts\/5656","targetHints":{"allow":["GET"]}}],"collection":[{"href":"https:\/\/sertsc.org.br\/site\/wp-json\/wp\/v2\/posts"}],"about":[{"href":"https:\/\/sertsc.org.br\/site\/wp-json\/wp\/v2\/types\/post"}],"author":[{"embeddable":true,"href":"https:\/\/sertsc.org.br\/site\/wp-json\/wp\/v2\/users\/1"}],"replies":[{"embeddable":true,"href":"https:\/\/sertsc.org.br\/site\/wp-json\/wp\/v2\/comments?post=5656"}],"version-history":[{"count":0,"href":"https:\/\/sertsc.org.br\/site\/wp-json\/wp\/v2\/posts\/5656\/revisions"}],"wp:featuredmedia":[{"embeddable":true,"href":"https:\/\/sertsc.org.br\/site\/wp-json\/"}],"wp:attachment":[{"href":"https:\/\/sertsc.org.br\/site\/wp-json\/wp\/v2\/media?parent=5656"}],"wp:term":[{"taxonomy":"category","embeddable":true,"href":"https:\/\/sertsc.org.br\/site\/wp-json\/wp\/v2\/categories?post=5656"},{"taxonomy":"post_tag","embeddable":true,"href":"https:\/\/sertsc.org.br\/site\/wp-json\/wp\/v2\/tags?post=5656"}],"curies":[{"name":"wp","href":"https:\/\/api.w.org\/{rel}","templated":true}]}}