{"id":5642,"date":"2017-09-25T08:54:22","date_gmt":"2017-09-25T11:54:22","guid":{"rendered":"http:\/\/www.sertsc.org.br\/site\/?p=5642"},"modified":"2017-09-25T08:54:22","modified_gmt":"2017-09-25T11:54:22","slug":"95-anos-do-radio-no-brasil-palavra-do-presidente","status":"publish","type":"post","link":"https:\/\/sertsc.org.br\/site\/95-anos-do-radio-no-brasil-palavra-do-presidente\/","title":{"rendered":"R\u00e1dio: 95 anos de evolu\u00e7\u00e3o e credibilidade"},"content":{"rendered":"<p style=\"text-align: justify;\"><strong><a href=\"http:\/\/www.sertsc.org.br\/site\/wp-content\/uploads\/2017\/09\/DSC01143-comp.jpg\"><img fetchpriority=\"high\" decoding=\"async\" class=\"wp-image-5658 alignleft\" src=\"http:\/\/www.sertsc.org.br\/site\/wp-content\/uploads\/2017\/09\/DSC01143-comp.jpg\" alt=\"DSC01143 - comp\" width=\"274\" height=\"202\" \/><\/a><\/strong><\/p>\n<p style=\"text-align: justify;\"><strong>Carlos Alberto Ross \u2013 Presidente do Sindicato das Empresas de R\u00e1dio e Televis\u00e3o do Estado de Santa Catarina \u2013 SERT\/SC<\/strong><\/p>\n<p style=\"text-align: justify;\">Hoje \u00e9 um dia de comemora\u00e7\u00e3o, estamos comemorando os 95 anos do r\u00e1dio no Brasil. Das 1.781 r\u00e1dios AM, cerca de 1.500 solicitaram a mudan\u00e7a para o FM. As demais candidatas ter\u00e3o que esperar a conclus\u00e3o do processo de digitaliza\u00e7\u00e3o da televis\u00e3o, respons\u00e1vel por liberar espa\u00e7o para todas as entidades que desejem fazer a modifica\u00e7\u00e3o. De acordo com o ministro Kassab, quase 650 emissoras conclu\u00edram o processo e at\u00e9 o final do ano, vamos atingir e ultrapassar a marca de 1.000 migra\u00e7\u00f5es.<\/p>\n<p style=\"text-align: justify;\">A AM teve seu momento, mas a tecnologia gera uma evolu\u00e7\u00e3o natural e muito r\u00e1pida. O sistema de r\u00e1dio \u00e9 um gigante econ\u00f4mico e, obviamente, necessitava de uma urgente transi\u00e7\u00e3o para FM. Por muito tempo, essa foi uma luta da radiodifus\u00e3o.<\/p>\n<p style=\"text-align: justify;\">Estou no r\u00e1dio a mais de 50 anos, de l\u00e1 pra c\u00e1 tivemos muitas evolu\u00e7\u00f5es e com todo este progresso, o conte\u00fado sempre se manteve importante e sempre continuar\u00e1.<\/p>\n<p style=\"text-align: justify;\">Hoje, devido aos grandes avan\u00e7os tecnol\u00f3gicos o r\u00e1dio \u00e9 onipresente, est\u00e1 nas casas, nos carros, at\u00e9 nos smartphones. Atualmente, o r\u00e1dio \u00e9 ouvido por 89% da popula\u00e7\u00e3o brasileira, segundo pesquisa realizada pelo Ibope Media.<\/p>\n<p style=\"text-align: justify;\">O r\u00e1dio \u00e9 considerado um dos meios de comunica\u00e7\u00e3o com maior credibilidade, n\u00e3o sendo apenas um simples ve\u00edculo de comunica\u00e7\u00e3o, \u00e9 uma das ferramentas mais econ\u00f4micas e com resultados garantidos, \u00e1gil, interativo, e de f\u00e1cil acesso. Tamb\u00e9m desempenha a fun\u00e7\u00e3o de a\u00e7\u00e3o social, atendendo os interesses da sociedade, ajudando a resolver os problemas regionais com a troca de informa\u00e7\u00f5es com os ouvintes. Um exemplo foi a cat\u00e1strofe clim\u00e1tica que aconteceu recentemente no Texas, \u00e0 audi\u00eancia do r\u00e1dio aumentou durante a situa\u00e7\u00e3o de emerg\u00eancia, os ouvintes recorreram em massa ao r\u00e1dio para se manter informados. Isso comprova a capacidade do r\u00e1dio de transmitir informa\u00e7\u00f5es de forma r\u00e1pida e confi\u00e1vel.<\/p>\n<p style=\"text-align: justify;\">Como presidente do Sindicato das Empresas de R\u00e1dio e Televis\u00e3o de SC- SERT\/SC junto com a diretoria defendemos a import\u00e2ncia das realiza\u00e7\u00f5es de Encontros Regionais, Semin\u00e1rios, Cursos e Treinamentos, porque entendemos que quem faz o r\u00e1dio s\u00e3o as pessoas. E s\u00e3o essas pessoas, que temos que capacitar porque s\u00e3o elas que fazem o r\u00e1dio acontecer!<\/p>\n<p style=\"text-align: center;\"><em>Nosso maior ativo continua sendo a nossa credibilidade!<\/em><\/p>\n<p style=\"text-align: center;\"><strong>Viva o r\u00e1dio pelos 95 anos no Brasil.<\/strong><\/p>\n","protected":false},"excerpt":{"rendered":"<p>Carlos Alberto Ross \u2013 Presidente do Sindicato das Empresas de&hellip;<\/p>\n<p> <a class=\"more-link\" href=\"https:\/\/sertsc.org.br\/site\/95-anos-do-radio-no-brasil-palavra-do-presidente\/\">Leia mais<\/a><\/p>\n","protected":false},"author":1,"featured_media":5658,"comment_status":"closed","ping_status":"open","sticky":false,"template":"","format":"standard","meta":{"footnotes":""},"categories":[36,33],"tags":[67,72,50,70,65,51,62,43,52,63,66,64,71,53,54,46,60,47,56,61,58,69,59],"class_list":{"0":"post-5642","1":"post","2":"type-post","3":"status-publish","4":"format-standard","5":"has-post-thumbnail","7":"category-artigos","8":"category-destaques","9":"tag-capacitacao","10":"tag-dia-do-radio","11":"tag-emissoras-de-radio","12":"tag-emissoras-de-radio-e-tv","13":"tag-emissoras-de-tv","14":"tag-encontro-regional","15":"tag-gestao","16":"tag-mctic","17":"tag-migracao-am-fm","18":"tag-planejamento-estrategico","19":"tag-radio-e-tv","20":"tag-redes-sociais","21":"tag-reforma-trabalhista","22":"tag-representante-patronal","23":"tag-santa-catarina","24":"tag-sc","25":"tag-seminarios","26":"tag-sertsc","27":"tag-sindicato-patronal","28":"tag-televisao","29":"tag-tv","30":"tag-tv-aberta","31":"tag-tv-digital"},"_links":{"self":[{"href":"https:\/\/sertsc.org.br\/site\/wp-json\/wp\/v2\/posts\/5642","targetHints":{"allow":["GET"]}}],"collection":[{"href":"https:\/\/sertsc.org.br\/site\/wp-json\/wp\/v2\/posts"}],"about":[{"href":"https:\/\/sertsc.org.br\/site\/wp-json\/wp\/v2\/types\/post"}],"author":[{"embeddable":true,"href":"https:\/\/sertsc.org.br\/site\/wp-json\/wp\/v2\/users\/1"}],"replies":[{"embeddable":true,"href":"https:\/\/sertsc.org.br\/site\/wp-json\/wp\/v2\/comments?post=5642"}],"version-history":[{"count":0,"href":"https:\/\/sertsc.org.br\/site\/wp-json\/wp\/v2\/posts\/5642\/revisions"}],"wp:featuredmedia":[{"embeddable":true,"href":"https:\/\/sertsc.org.br\/site\/wp-json\/"}],"wp:attachment":[{"href":"https:\/\/sertsc.org.br\/site\/wp-json\/wp\/v2\/media?parent=5642"}],"wp:term":[{"taxonomy":"category","embeddable":true,"href":"https:\/\/sertsc.org.br\/site\/wp-json\/wp\/v2\/categories?post=5642"},{"taxonomy":"post_tag","embeddable":true,"href":"https:\/\/sertsc.org.br\/site\/wp-json\/wp\/v2\/tags?post=5642"}],"curies":[{"name":"wp","href":"https:\/\/api.w.org\/{rel}","templated":true}]}}