{"id":5630,"date":"2017-09-21T08:50:48","date_gmt":"2017-09-21T11:50:48","guid":{"rendered":"http:\/\/www.sertsc.org.br\/site\/?p=5630"},"modified":"2017-09-21T08:50:48","modified_gmt":"2017-09-21T11:50:48","slug":"carteira-de-radialista-valera-como-prova-de-identidade","status":"publish","type":"post","link":"https:\/\/sertsc.org.br\/site\/carteira-de-radialista-valera-como-prova-de-identidade\/","title":{"rendered":"Carteira de radialista valer\u00e1 como prova de identidade"},"content":{"rendered":"<div class=\"itemIntroText\">\n<p style=\"text-align: justify;\">A Comiss\u00e3o de Constitui\u00e7\u00e3o e Justi\u00e7a da C\u00e2mara dos Deputados aprovou, nesta quarta-feira (20), o uso de carteira de radialista como prova de identidade em todo o territ\u00f3rio nacional.<\/p>\n<\/div>\n<div class=\"itemFullText\">\n<p style=\"text-align: justify;\">De acordo com o PL 458\/15, do deputado Andr\u00e9 Moura (PSC-SE), e consolidado pelo relator, deputado Sandro Alex (PSD-PR), a carteira profissional deve ser emitida pelo sindicato da categoria ou, onde n\u00e3o houver sindicato, por federa\u00e7\u00e3o devidamente credenciada e registrada junto ao Minist\u00e9rio do Trabalho.<\/p>\n<p style=\"text-align: justify;\">O documento dever\u00e1 seguir modelo padr\u00e3o, com dados pessoais, fotografia e n\u00famero de s\u00e9rie, por exemplo. O radialista n\u00e3o sindicalizado poder\u00e1 ter carteira de radialista, desde que seja habilitado e registrado junto ao \u00f3rg\u00e3o regional do Minist\u00e9rio do Trabalho.<\/p>\n<p style=\"text-align: justify;\">A proposta altera a Lei 6.615\/78, que regulamenta a profiss\u00e3o de radialista.<\/p>\n<p style=\"text-align: justify;\">Ao comentar a aprova\u00e7\u00e3o da proposta, Sandro Alex disse que \u00e9 uma homenagem \u00e0 categoria, numa refer\u00eancia ao Dia do Radialista, comemorado em 21 de setembro. \u201cA legisla\u00e7\u00e3o j\u00e1 regulamentou a compet\u00eancia da Federa\u00e7\u00e3o Nacional dos Jornalistas para emitir carteira de identidade profissional. N\u00e3o vemos por que raz\u00e3o tal medida n\u00e3o possa ser estendida aos radialistas\u201d, disse.<\/p>\n<p style=\"text-align: justify;\">A proposta seguir\u00e1 agora para an\u00e1lise do Senado.<\/p>\n<p style=\"text-align: justify;\">Fonte: ABERT.<\/p>\n<\/div>\n","protected":false},"excerpt":{"rendered":"<p>A Comiss\u00e3o de Constitui\u00e7\u00e3o e Justi\u00e7a da C\u00e2mara dos Deputados&hellip;<\/p>\n<p> <a class=\"more-link\" href=\"https:\/\/sertsc.org.br\/site\/carteira-de-radialista-valera-como-prova-de-identidade\/\">Leia mais<\/a><\/p>\n","protected":false},"author":1,"featured_media":5631,"comment_status":"closed","ping_status":"open","sticky":false,"template":"","format":"standard","meta":{"footnotes":""},"categories":[3],"tags":[67,50,70,65,51,62,43,52,63,66,64,71,53,54,46,60,47,56,61,58,69,59],"class_list":{"0":"post-5630","1":"post","2":"type-post","3":"status-publish","4":"format-standard","5":"has-post-thumbnail","7":"category-noticias","8":"tag-capacitacao","9":"tag-emissoras-de-radio","10":"tag-emissoras-de-radio-e-tv","11":"tag-emissoras-de-tv","12":"tag-encontro-regional","13":"tag-gestao","14":"tag-mctic","15":"tag-migracao-am-fm","16":"tag-planejamento-estrategico","17":"tag-radio-e-tv","18":"tag-redes-sociais","19":"tag-reforma-trabalhista","20":"tag-representante-patronal","21":"tag-santa-catarina","22":"tag-sc","23":"tag-seminarios","24":"tag-sertsc","25":"tag-sindicato-patronal","26":"tag-televisao","27":"tag-tv","28":"tag-tv-aberta","29":"tag-tv-digital"},"_links":{"self":[{"href":"https:\/\/sertsc.org.br\/site\/wp-json\/wp\/v2\/posts\/5630","targetHints":{"allow":["GET"]}}],"collection":[{"href":"https:\/\/sertsc.org.br\/site\/wp-json\/wp\/v2\/posts"}],"about":[{"href":"https:\/\/sertsc.org.br\/site\/wp-json\/wp\/v2\/types\/post"}],"author":[{"embeddable":true,"href":"https:\/\/sertsc.org.br\/site\/wp-json\/wp\/v2\/users\/1"}],"replies":[{"embeddable":true,"href":"https:\/\/sertsc.org.br\/site\/wp-json\/wp\/v2\/comments?post=5630"}],"version-history":[{"count":0,"href":"https:\/\/sertsc.org.br\/site\/wp-json\/wp\/v2\/posts\/5630\/revisions"}],"wp:featuredmedia":[{"embeddable":true,"href":"https:\/\/sertsc.org.br\/site\/wp-json\/"}],"wp:attachment":[{"href":"https:\/\/sertsc.org.br\/site\/wp-json\/wp\/v2\/media?parent=5630"}],"wp:term":[{"taxonomy":"category","embeddable":true,"href":"https:\/\/sertsc.org.br\/site\/wp-json\/wp\/v2\/categories?post=5630"},{"taxonomy":"post_tag","embeddable":true,"href":"https:\/\/sertsc.org.br\/site\/wp-json\/wp\/v2\/tags?post=5630"}],"curies":[{"name":"wp","href":"https:\/\/api.w.org\/{rel}","templated":true}]}}