{"id":5625,"date":"2017-09-20T14:49:42","date_gmt":"2017-09-20T17:49:42","guid":{"rendered":"http:\/\/www.sertsc.org.br\/site\/?p=5625"},"modified":"2017-09-20T14:49:42","modified_gmt":"2017-09-20T17:49:42","slug":"kassab-participa-de-cerimonia-de-assinatura-da-migracao-no-recife","status":"publish","type":"post","link":"https:\/\/sertsc.org.br\/site\/kassab-participa-de-cerimonia-de-assinatura-da-migracao-no-recife\/","title":{"rendered":"Kassab participa de cerim\u00f4nia de assinatura da migra\u00e7\u00e3o no Recife"},"content":{"rendered":"<div style=\"text-align: justify;\">O ministro da Ci\u00eancia, Tecnologia, Inova\u00e7\u00f5es e Comunica\u00e7\u00f5es, Gilberto Kassab, participou da solenidade para assinatura do ato de migra\u00e7\u00e3o no Recife. O mutir\u00e3o beneficiou duas entidades: a Funda\u00e7\u00e3o Cultural Senhor Bom Jesus dos Rem\u00e9dios, de Afogados da Ingazeira (PE), e a Difusoras de Pernambuco Ltda, de Pesqueira (PE). Ao todo, 37 r\u00e1dios AM do estado pediram ao MCTIC para fazer a migra\u00e7\u00e3o, sendo que seis delas j\u00e1 haviam assinado seus termos aditivos de adapta\u00e7\u00e3o das outorgas.<\/div>\n<div style=\"text-align: justify;\"><\/div>\n<div style=\"text-align: justify;\"><\/div>\n<div style=\"text-align: justify;\">\u201cEssas 37 emissoras v\u00e3o ter um custo de opera\u00e7\u00e3o muito mais baixo\u201d, previu o ministro. \u201cCom isso, v\u00e3o poder pagar melhor seus funcion\u00e1rios, contratar mais gente e investir na qualidade da programa\u00e7\u00e3o, al\u00e9m de, evidentemente, alcan\u00e7ar o foco principal da migra\u00e7\u00e3o, que \u00e9 levar ao seu p\u00fablico um som melhor, por conta da qualidade diferenciada da FM em rela\u00e7\u00e3o \u00e0 AM\u201d, comentou Kassab.<\/div>\n<div style=\"text-align: justify;\"><\/div>\n<div style=\"text-align: justify;\">Nas palavras de Kassab, o pa\u00eds testemunha \u201cuma virada na forma de agir\u201d do setor de comunica\u00e7\u00f5es. \u201cA migra\u00e7\u00e3o de AM para FM, por exemplo, conclui um sonho acalentado por muitas d\u00e9cadas por todos os nossos operadores e empreendedores da radiodifus\u00e3o. At\u00e9 o final do ano, aproximadamente mil emissoras ter\u00e3o migrado\u201d, comentou o ministro, ao lembrar que, das 1.781 r\u00e1dios AM do Brasil, 1,5 mil solicitaram a mudan\u00e7a.<\/div>\n<div style=\"text-align: justify;\"><\/div>\n<div style=\"text-align: justify;\">Nesta primeira etapa, os ve\u00edculos poder\u00e3o operar na faixa atual de FM, de 88 FM a 108 FM. As demais candidatas ter\u00e3o que esperar a conclus\u00e3o do processo de digitaliza\u00e7\u00e3o da televis\u00e3o, que vai liberar espa\u00e7o para a modifica\u00e7\u00e3o.<\/div>\n<div style=\"text-align: justify;\"><\/div>\n<div style=\"text-align: justify;\">Pernambuco \u00e9 o 11\u00ba estado a participar do mutir\u00e3o de migra\u00e7\u00e3o, que j\u00e1 havia contemplado Santa Catarina, Minas Gerais, Rio Grande do Sul, Goi\u00e1s, Paran\u00e1, S\u00e3o Paulo, Mato Grosso, Mato Grosso do Sul e Bahia.<\/div>\n<div style=\"text-align: justify;\"><\/div>\n<div style=\"text-align: justify;\">Fonte: MCTIC<\/div>\n","protected":false},"excerpt":{"rendered":"<p>O ministro da Ci\u00eancia, Tecnologia, Inova\u00e7\u00f5es e Comunica\u00e7\u00f5es, Gilberto Kassab,&hellip;<\/p>\n<p> <a class=\"more-link\" href=\"https:\/\/sertsc.org.br\/site\/kassab-participa-de-cerimonia-de-assinatura-da-migracao-no-recife\/\">Leia mais<\/a><\/p>\n","protected":false},"author":1,"featured_media":5626,"comment_status":"closed","ping_status":"open","sticky":false,"template":"","format":"standard","meta":{"footnotes":""},"categories":[3],"tags":[67,50,70,65,51,62,43,52,63,66,64,71,53,54,46,60,47,56,61,58,69,59],"class_list":{"0":"post-5625","1":"post","2":"type-post","3":"status-publish","4":"format-standard","5":"has-post-thumbnail","7":"category-noticias","8":"tag-capacitacao","9":"tag-emissoras-de-radio","10":"tag-emissoras-de-radio-e-tv","11":"tag-emissoras-de-tv","12":"tag-encontro-regional","13":"tag-gestao","14":"tag-mctic","15":"tag-migracao-am-fm","16":"tag-planejamento-estrategico","17":"tag-radio-e-tv","18":"tag-redes-sociais","19":"tag-reforma-trabalhista","20":"tag-representante-patronal","21":"tag-santa-catarina","22":"tag-sc","23":"tag-seminarios","24":"tag-sertsc","25":"tag-sindicato-patronal","26":"tag-televisao","27":"tag-tv","28":"tag-tv-aberta","29":"tag-tv-digital"},"_links":{"self":[{"href":"https:\/\/sertsc.org.br\/site\/wp-json\/wp\/v2\/posts\/5625","targetHints":{"allow":["GET"]}}],"collection":[{"href":"https:\/\/sertsc.org.br\/site\/wp-json\/wp\/v2\/posts"}],"about":[{"href":"https:\/\/sertsc.org.br\/site\/wp-json\/wp\/v2\/types\/post"}],"author":[{"embeddable":true,"href":"https:\/\/sertsc.org.br\/site\/wp-json\/wp\/v2\/users\/1"}],"replies":[{"embeddable":true,"href":"https:\/\/sertsc.org.br\/site\/wp-json\/wp\/v2\/comments?post=5625"}],"version-history":[{"count":0,"href":"https:\/\/sertsc.org.br\/site\/wp-json\/wp\/v2\/posts\/5625\/revisions"}],"wp:featuredmedia":[{"embeddable":true,"href":"https:\/\/sertsc.org.br\/site\/wp-json\/"}],"wp:attachment":[{"href":"https:\/\/sertsc.org.br\/site\/wp-json\/wp\/v2\/media?parent=5625"}],"wp:term":[{"taxonomy":"category","embeddable":true,"href":"https:\/\/sertsc.org.br\/site\/wp-json\/wp\/v2\/categories?post=5625"},{"taxonomy":"post_tag","embeddable":true,"href":"https:\/\/sertsc.org.br\/site\/wp-json\/wp\/v2\/tags?post=5625"}],"curies":[{"name":"wp","href":"https:\/\/api.w.org\/{rel}","templated":true}]}}