{"id":5622,"date":"2017-09-20T13:38:48","date_gmt":"2017-09-20T16:38:48","guid":{"rendered":"http:\/\/www.sertsc.org.br\/site\/?p=5622"},"modified":"2017-09-20T13:38:48","modified_gmt":"2017-09-20T16:38:48","slug":"pesquisa-aponta-que-62-declararam-ouvir-musica-no-radio","status":"publish","type":"post","link":"https:\/\/sertsc.org.br\/site\/pesquisa-aponta-que-62-declararam-ouvir-musica-no-radio\/","title":{"rendered":"Pesquisa aponta que 62% declararam ouvir m\u00fasica no r\u00e1dio"},"content":{"rendered":"<p style=\"text-align: justify;\">Uma pesquisa nos principais centros populacionais do pa\u00eds mostrou a import\u00e2ncia da m\u00fasica na vida das pessoas. De acordo com o Target Group Index, solu\u00e7\u00e3o da Kantar IBOPE Media, 64% dos entrevistados concordam com a frase &#8220;a m\u00fasica constitui parte importante em minha vida&#8221; \u2013 ind\u00edcio de que a m\u00fasica \u00e9 muito mais do que o ato de apertar play, sendo que 62% apontaram o R\u00e1dio como meio de ouvir m\u00fasica.<\/p>\n<div style=\"text-align: justify;\">O levantamento mostrou que a m\u00fasica est\u00e1 em todo lugar: nas festas com os amigos, animando a s\u00e9rie de exerc\u00edcios, no caminho para o trabalho e para relaxar em casa. Acompanhar o trabalho do seu artista favorito \u00e9 parte desse ritual. Entre os que consideram a m\u00fasica parte importante da vida, 20% afirmam que v\u00e3o a shows. Destes, 76% frequentam casas de espet\u00e1culos, 55% v\u00e3o a shows ao ar livre e 48% assistem a shows em est\u00e1dios.<\/div>\n<div style=\"text-align: justify;\"><\/div>\n<div style=\"text-align: justify;\">A m\u00fasica tem o poder de atrair pessoas em todos os meios. 62% dos entrevistados do Target Group Index declararam ouvir m\u00fasica no r\u00e1dio e o interesse pela programa\u00e7\u00e3o musical tamb\u00e9m chega a TV. Em levantamento realizado entre janeiro e agosto deste ano, 72% das pessoas assistiram ao menos um minuto de programa\u00e7\u00e3o musical nas 15 regi\u00f5es metropolitanas onde a audi\u00eancia de televis\u00e3o \u00e9 aferida regularmente pela empresa. Esse n\u00famero equivale a mais de 49 milh\u00f5es de telespectadores na TV aberta e por assinatura.<\/div>\n<div style=\"text-align: justify;\"><\/div>\n<div style=\"text-align: justify;\">O levantamento de audi\u00eancia levou em conta os programas que t\u00eam a m\u00fasica como foco principal de seu conte\u00fado. Os programas classificados por esse g\u00eanero podem apresentar clipes musicais, shows, reportagens e entrevistas com os mais diversos representantes do cen\u00e1rio musical local, nacional ou internacional. Neste tipo de programa, n\u00e3o h\u00e1 competi\u00e7\u00e3o e\/ou disputa de pr\u00eamios como nos formatos de realities shows.<\/div>\n<div style=\"text-align: justify;\"><\/div>\n<div style=\"text-align: justify;\">Em julho (m\u00eas que \u00e9 comemorado o Dia Mundial do Rock), o Kantar Ibope Media realizou um levantamento para saber como est\u00e1 o segmento na capital paulista e tamb\u00e9m em outras capitais brasileiras. De acordo com levantamento da Kantar Ibope Media, 2.135.357 ouvintes de r\u00e1dio na Grande S\u00e3o Paulo declararam gostar de rock. S\u00e3o Paulo conta com duas emissoras voltadas exclusivamente para o segmento: A Kiss FM 102.1 e a 89 A R\u00e1dio Rock FM 89.1.<\/div>\n<div style=\"text-align: justify;\"><\/div>\n<div style=\"text-align: justify;\">O g\u00eanero tamb\u00e9m faz sucesso entre os ouvintes de r\u00e1dio em outras pra\u00e7as do pa\u00eds. Segundo a pesquisa, 29% dos ouvintes da Regi\u00e3o Metropolitana de Curitiba declaram gostar de rock, assim como 20% dos ouvintes da Grande Belo Horizonte. A capital paranaense conta com a Mundo Livre FM 93.9 como op\u00e7\u00e3o de r\u00e1dio rock.<\/div>\n<div style=\"text-align: justify;\"><\/div>\n<div style=\"text-align: justify;\">Fonte: Tudo R\u00e1dio<\/div>\n","protected":false},"excerpt":{"rendered":"<p>Uma pesquisa nos principais centros populacionais do pa\u00eds mostrou a&hellip;<\/p>\n<p> <a class=\"more-link\" href=\"https:\/\/sertsc.org.br\/site\/pesquisa-aponta-que-62-declararam-ouvir-musica-no-radio\/\">Leia mais<\/a><\/p>\n","protected":false},"author":1,"featured_media":5623,"comment_status":"closed","ping_status":"open","sticky":false,"template":"","format":"standard","meta":{"footnotes":""},"categories":[3],"tags":[67,50,70,65,51,62,43,52,63,66,64,71,53,54,46,60,47,56,61,58,69,59],"class_list":{"0":"post-5622","1":"post","2":"type-post","3":"status-publish","4":"format-standard","5":"has-post-thumbnail","7":"category-noticias","8":"tag-capacitacao","9":"tag-emissoras-de-radio","10":"tag-emissoras-de-radio-e-tv","11":"tag-emissoras-de-tv","12":"tag-encontro-regional","13":"tag-gestao","14":"tag-mctic","15":"tag-migracao-am-fm","16":"tag-planejamento-estrategico","17":"tag-radio-e-tv","18":"tag-redes-sociais","19":"tag-reforma-trabalhista","20":"tag-representante-patronal","21":"tag-santa-catarina","22":"tag-sc","23":"tag-seminarios","24":"tag-sertsc","25":"tag-sindicato-patronal","26":"tag-televisao","27":"tag-tv","28":"tag-tv-aberta","29":"tag-tv-digital"},"_links":{"self":[{"href":"https:\/\/sertsc.org.br\/site\/wp-json\/wp\/v2\/posts\/5622","targetHints":{"allow":["GET"]}}],"collection":[{"href":"https:\/\/sertsc.org.br\/site\/wp-json\/wp\/v2\/posts"}],"about":[{"href":"https:\/\/sertsc.org.br\/site\/wp-json\/wp\/v2\/types\/post"}],"author":[{"embeddable":true,"href":"https:\/\/sertsc.org.br\/site\/wp-json\/wp\/v2\/users\/1"}],"replies":[{"embeddable":true,"href":"https:\/\/sertsc.org.br\/site\/wp-json\/wp\/v2\/comments?post=5622"}],"version-history":[{"count":0,"href":"https:\/\/sertsc.org.br\/site\/wp-json\/wp\/v2\/posts\/5622\/revisions"}],"wp:featuredmedia":[{"embeddable":true,"href":"https:\/\/sertsc.org.br\/site\/wp-json\/"}],"wp:attachment":[{"href":"https:\/\/sertsc.org.br\/site\/wp-json\/wp\/v2\/media?parent=5622"}],"wp:term":[{"taxonomy":"category","embeddable":true,"href":"https:\/\/sertsc.org.br\/site\/wp-json\/wp\/v2\/categories?post=5622"},{"taxonomy":"post_tag","embeddable":true,"href":"https:\/\/sertsc.org.br\/site\/wp-json\/wp\/v2\/tags?post=5622"}],"curies":[{"name":"wp","href":"https:\/\/api.w.org\/{rel}","templated":true}]}}