{"id":5619,"date":"2017-09-20T10:21:48","date_gmt":"2017-09-20T13:21:48","guid":{"rendered":"http:\/\/www.sertsc.org.br\/site\/?p=5619"},"modified":"2017-09-20T10:21:48","modified_gmt":"2017-09-20T13:21:48","slug":"4o-encontro-regional-do-sertsc-sera-transmitindo-ao-vivo-pelo-facebook","status":"publish","type":"post","link":"https:\/\/sertsc.org.br\/site\/4o-encontro-regional-do-sertsc-sera-transmitindo-ao-vivo-pelo-facebook\/","title":{"rendered":"4\u00ba Encontro Regional do SERT\/SC ser\u00e1 transmitindo AO VIVO pelo Facebook"},"content":{"rendered":"<p style=\"text-align: justify;\">Amigos radiodifusores, nesta sexta-feira, 22 de setembro, o Sindicato das Empresas de R\u00e1dio e Televis\u00e3o do Estado de Santa Catarina \u2013 SERT\/SC estar\u00e1 realizando o 4\u00ba Encontro Regional de 2017, que ser\u00e1 transmitido AO VIVO atrav\u00e9s da p\u00e1gina do <a href=\"https:\/\/www.facebook.com\/sertsc\/\" target=\"_blank\" rel=\"noopener noreferrer\">Facebook<\/a> do SERT\/SC.<\/p>\n<p style=\"text-align: justify;\">N\u00e3o esque\u00e7a de acompanhar o SERT\/SC nas redes sociais e deixar o joinha.<\/p>\n<p style=\"text-align: justify;\"><a href=\"http:\/\/www.sertsc.org.br\/site\/wp-content\/uploads\/2017\/09\/ao-vivo.jpg\"><img fetchpriority=\"high\" decoding=\"async\" class=\"aligncenter size-full wp-image-5620\" src=\"http:\/\/www.sertsc.org.br\/site\/wp-content\/uploads\/2017\/09\/ao-vivo.jpg\" alt=\"ao vivo\" width=\"1200\" height=\"900\" \/><\/a><\/p>\n","protected":false},"excerpt":{"rendered":"<p>Amigos radiodifusores, nesta sexta-feira, 22 de setembro, o Sindicato das&hellip;<\/p>\n<p> <a class=\"more-link\" href=\"https:\/\/sertsc.org.br\/site\/4o-encontro-regional-do-sertsc-sera-transmitindo-ao-vivo-pelo-facebook\/\">Leia mais<\/a><\/p>\n","protected":false},"author":1,"featured_media":5620,"comment_status":"closed","ping_status":"open","sticky":false,"template":"","format":"standard","meta":{"footnotes":""},"categories":[33],"tags":[67,50,70,65,51,62,43,52,63,66,64,71,53,54,46,60,47,56,61,58,69,59],"class_list":{"0":"post-5619","1":"post","2":"type-post","3":"status-publish","4":"format-standard","5":"has-post-thumbnail","7":"category-destaques","8":"tag-capacitacao","9":"tag-emissoras-de-radio","10":"tag-emissoras-de-radio-e-tv","11":"tag-emissoras-de-tv","12":"tag-encontro-regional","13":"tag-gestao","14":"tag-mctic","15":"tag-migracao-am-fm","16":"tag-planejamento-estrategico","17":"tag-radio-e-tv","18":"tag-redes-sociais","19":"tag-reforma-trabalhista","20":"tag-representante-patronal","21":"tag-santa-catarina","22":"tag-sc","23":"tag-seminarios","24":"tag-sertsc","25":"tag-sindicato-patronal","26":"tag-televisao","27":"tag-tv","28":"tag-tv-aberta","29":"tag-tv-digital"},"_links":{"self":[{"href":"https:\/\/sertsc.org.br\/site\/wp-json\/wp\/v2\/posts\/5619","targetHints":{"allow":["GET"]}}],"collection":[{"href":"https:\/\/sertsc.org.br\/site\/wp-json\/wp\/v2\/posts"}],"about":[{"href":"https:\/\/sertsc.org.br\/site\/wp-json\/wp\/v2\/types\/post"}],"author":[{"embeddable":true,"href":"https:\/\/sertsc.org.br\/site\/wp-json\/wp\/v2\/users\/1"}],"replies":[{"embeddable":true,"href":"https:\/\/sertsc.org.br\/site\/wp-json\/wp\/v2\/comments?post=5619"}],"version-history":[{"count":0,"href":"https:\/\/sertsc.org.br\/site\/wp-json\/wp\/v2\/posts\/5619\/revisions"}],"wp:featuredmedia":[{"embeddable":true,"href":"https:\/\/sertsc.org.br\/site\/wp-json\/"}],"wp:attachment":[{"href":"https:\/\/sertsc.org.br\/site\/wp-json\/wp\/v2\/media?parent=5619"}],"wp:term":[{"taxonomy":"category","embeddable":true,"href":"https:\/\/sertsc.org.br\/site\/wp-json\/wp\/v2\/categories?post=5619"},{"taxonomy":"post_tag","embeddable":true,"href":"https:\/\/sertsc.org.br\/site\/wp-json\/wp\/v2\/tags?post=5619"}],"curies":[{"name":"wp","href":"https:\/\/api.w.org\/{rel}","templated":true}]}}