{"id":5610,"date":"2017-09-19T11:02:44","date_gmt":"2017-09-19T14:02:44","guid":{"rendered":"http:\/\/www.sertsc.org.br\/site\/?p=5610"},"modified":"2017-09-19T11:02:44","modified_gmt":"2017-09-19T14:02:44","slug":"tst-extingue-dissidio-coletivo-dos-jornalistas-do-ano-de-2016","status":"publish","type":"post","link":"https:\/\/sertsc.org.br\/site\/tst-extingue-dissidio-coletivo-dos-jornalistas-do-ano-de-2016\/","title":{"rendered":"TST EXTINGUE DISS\u00cdDIO COLETIVO DOS JORNALISTAS DO ANO DE 2016"},"content":{"rendered":"<p style=\"text-align: justify;\">O Tribunal Superior do Trabalho -TST- em sess\u00e3o do dia 11 de setembro, julgou recurso interposto pela\u00a0<strong>Sindicato dos Jornalistas Profissionais de Santa Catarina<\/strong>\u00a0contra decis\u00e3o proferida pelo Tribunal Regional do Trabalho de Santa Catarina no Diss\u00eddio Coletivo do ano de 2016, tendo como parte\u00a0<strong>SERT\/SC<\/strong>\u00a0<strong>\u2013 Sindicato das Empresas de R\u00e1dio e Televis\u00e3o do Estado de Santa Catarina<\/strong>.<\/p>\n<p style=\"text-align: justify;\">O TST confirmou a decis\u00e3o do TRT\/SC e extinguiu a A\u00e7\u00e3o de Diss\u00eddio Coletivo proposta pelo Sindicato dos Jornalistas Profissionais, a decis\u00e3o tomada por unanimidade extinguiu a a\u00e7\u00e3o por falta de pressuposto processuais, a Se\u00e7\u00e3o Especializada em Diss\u00eddios Coletivos do Tribunal Superior do Trabalho, recebeu o Recurso Ordin\u00e1rio e nega-lhe provimento.<\/p>\n<p style=\"text-align: justify;\">Neste sentido, a\u00a0<strong>Conven\u00e7\u00e3o Coletiva dos Jornalistas do ano 2016, n\u00e3o abrange as emissoras de R\u00e1dio e Televis\u00e3o<\/strong>.<\/p>\n<p style=\"text-align: justify;\">Para\u00a0o assessor jur\u00eddico do SERT\/SC Dr. Marcos Ant\u00f4nio Silveira: \u201cA decis\u00e3o foi acertada, seguiu o entendimento da Se\u00e7\u00e3o Especializada em Diss\u00eddio Coletivo e n\u00e3o trouxe novidades sobre os pontos debatidos. Sa\u00edmos fortalecidos, cientes do trabalho realizado e na expectativa da vig\u00eancia da Lei 13.467\/2017 que traz novas regras as quest\u00f5es trabalhistas e abre mais alternativas para a realiza\u00e7\u00e3o de acordos individuais e coletivos.\u201d<\/p>\n<p style=\"text-align: justify;\">O presidente do SERT\/SC Dr. Carlos Alberto Ross entende que os profissionais que atuam no meio r\u00e1dio e televis\u00e3o s\u00e3o radialistas e est\u00e3o sob a \u00e9gide da Lei dos Radialistas e dos benef\u00edcios da CCT da categoria em vig\u00eancia. E finaliza, essa \u00e9 mais uma vit\u00f3ria do\u00a0nosso\u00a0Sindicato das Empresas de R\u00e1dio e Televis\u00e3o do Estado de Santa Catarina.<\/p>\n<p style=\"text-align: justify;\"><strong><span style=\"font-size: 11.0pt; font-family: 'Tahoma','sans-serif'; color: #222222;\">Mais informa\u00e7\u00f5es \u00e0 imprensa:<\/span><\/strong><span style=\"font-size: 11.0pt; font-family: 'Tahoma','sans-serif'; color: #222222;\"><br \/>\nAssessoria de Comunica\u00e7\u00e3o \u2013 SERT\/SC<br \/>\nFone: (48) 3225-2122<\/span><\/p>\n<p style=\"margin: 0cm 0cm 0.0001pt; text-align: justify;\"><span style=\"font-size: 11.0pt; font-family: 'Tahoma','sans-serif'; color: #222222;\"><a href=\"http:\/\/www.sertsc.org.br\/site\/\">http:\/\/www.sertsc.org.br\/site\/<\/a><\/span><\/p>\n<p style=\"margin: 0cm 0cm 0.0001pt; text-align: justify;\"><span style=\"font-size: 11.0pt; font-family: 'Tahoma','sans-serif'; color: #222222;\"><a href=\"mailto:sert@sertsc.org.br\">sert@sertsc.org.br<\/a><\/span><\/p>\n<p style=\"margin: 0cm 0cm 0.0001pt; text-align: justify;\"><span style=\"font-size: 11.0pt; font-family: 'Tahoma','sans-serif'; color: #222222;\"><a href=\"http:\/\/www.facebook.com\/sertsc\">www.facebook.com\/sertsc<\/a><\/span><\/p>\n","protected":false},"excerpt":{"rendered":"<p>O Tribunal Superior do Trabalho -TST- em sess\u00e3o do dia&hellip;<\/p>\n<p> <a class=\"more-link\" href=\"https:\/\/sertsc.org.br\/site\/tst-extingue-dissidio-coletivo-dos-jornalistas-do-ano-de-2016\/\">Leia mais<\/a><\/p>\n","protected":false},"author":1,"featured_media":5613,"comment_status":"closed","ping_status":"open","sticky":false,"template":"","format":"standard","meta":{"footnotes":""},"categories":[33],"tags":[67,50,70,65,51,62,43,52,63,66,64,71,53,54,46,60,47,56,61,58,69,59],"class_list":{"0":"post-5610","1":"post","2":"type-post","3":"status-publish","4":"format-standard","5":"has-post-thumbnail","7":"category-destaques","8":"tag-capacitacao","9":"tag-emissoras-de-radio","10":"tag-emissoras-de-radio-e-tv","11":"tag-emissoras-de-tv","12":"tag-encontro-regional","13":"tag-gestao","14":"tag-mctic","15":"tag-migracao-am-fm","16":"tag-planejamento-estrategico","17":"tag-radio-e-tv","18":"tag-redes-sociais","19":"tag-reforma-trabalhista","20":"tag-representante-patronal","21":"tag-santa-catarina","22":"tag-sc","23":"tag-seminarios","24":"tag-sertsc","25":"tag-sindicato-patronal","26":"tag-televisao","27":"tag-tv","28":"tag-tv-aberta","29":"tag-tv-digital"},"_links":{"self":[{"href":"https:\/\/sertsc.org.br\/site\/wp-json\/wp\/v2\/posts\/5610","targetHints":{"allow":["GET"]}}],"collection":[{"href":"https:\/\/sertsc.org.br\/site\/wp-json\/wp\/v2\/posts"}],"about":[{"href":"https:\/\/sertsc.org.br\/site\/wp-json\/wp\/v2\/types\/post"}],"author":[{"embeddable":true,"href":"https:\/\/sertsc.org.br\/site\/wp-json\/wp\/v2\/users\/1"}],"replies":[{"embeddable":true,"href":"https:\/\/sertsc.org.br\/site\/wp-json\/wp\/v2\/comments?post=5610"}],"version-history":[{"count":0,"href":"https:\/\/sertsc.org.br\/site\/wp-json\/wp\/v2\/posts\/5610\/revisions"}],"wp:featuredmedia":[{"embeddable":true,"href":"https:\/\/sertsc.org.br\/site\/wp-json\/"}],"wp:attachment":[{"href":"https:\/\/sertsc.org.br\/site\/wp-json\/wp\/v2\/media?parent=5610"}],"wp:term":[{"taxonomy":"category","embeddable":true,"href":"https:\/\/sertsc.org.br\/site\/wp-json\/wp\/v2\/categories?post=5610"},{"taxonomy":"post_tag","embeddable":true,"href":"https:\/\/sertsc.org.br\/site\/wp-json\/wp\/v2\/tags?post=5610"}],"curies":[{"name":"wp","href":"https:\/\/api.w.org\/{rel}","templated":true}]}}