{"id":5607,"date":"2017-09-19T09:51:06","date_gmt":"2017-09-19T12:51:06","guid":{"rendered":"http:\/\/www.sertsc.org.br\/site\/?p=5607"},"modified":"2017-09-19T09:51:06","modified_gmt":"2017-09-19T12:51:06","slug":"mctic-estabelece-novo-prazo-para-consignacao-de-canal-digital","status":"publish","type":"post","link":"https:\/\/sertsc.org.br\/site\/mctic-estabelece-novo-prazo-para-consignacao-de-canal-digital\/","title":{"rendered":"MCTIC estabelece novo prazo para consigna\u00e7\u00e3o de canal digital"},"content":{"rendered":"<p style=\"text-align: justify;\">Portaria do Minist\u00e9rio da Ci\u00eancia, Tecnologia, Inova\u00e7\u00f5es e Comunica\u00e7\u00f5es estabelece novo prazo para que as geradoras de TV requeiram a consigna\u00e7\u00e3o de canais digitais at\u00e9 15 dias antes do desligamento do sinal anal\u00f3gico de televis\u00e3o na localidade em que prestem o servi\u00e7o, conforme cronograma estabelecido pelo MCTIC. A nova norma revoga parte da Portaria 652 de 10 de outubro de 2006, que j\u00e1 havia sido alterada pela Portaria 491, de 23 de novembro de 2011, mas j\u00e1 estava defasada.<\/p>\n<p style=\"text-align: justify;\">Segundo o coordenador substituto de TV Ddigital do MCTIC, Roberto Collette, a publica\u00e7\u00e3o dessa portaria se tornou necess\u00e1ria porque o prazo inicial de consigna\u00e7\u00e3o estava vencido, em fun\u00e7\u00e3o das constantes altera\u00e7\u00f5es nas datas de desligamento do sinal anal\u00f3gico, e nem todas as geradoras tinham pedido o canal. Ele afirma que o pedido de consigna\u00e7\u00e3o \u00e9 apenas o primeiro passo, mas garante provisoriamente o canal digital para a geradora.<\/p>\n<p style=\"text-align: justify;\">Depois disso, a geradora precisa apresentar projeto t\u00e9cnico e ato da Anatel autorizando o uso de radiofrequ\u00eancia. &#8220;Essas exig\u00eancias est\u00e3o previstas em outras portarias&#8221;, disse Collette. A publica\u00e7\u00e3o desta segunda-feira, 18, traz\u00a0modelo do requerimento\u00a0a ser usado pelas geradoras.<\/p>\n<p style=\"text-align: justify;\">Fonte: Tela Viva.<\/p>\n","protected":false},"excerpt":{"rendered":"<p>Portaria do Minist\u00e9rio da Ci\u00eancia, Tecnologia, Inova\u00e7\u00f5es e Comunica\u00e7\u00f5es estabelece&hellip;<\/p>\n<p> <a class=\"more-link\" href=\"https:\/\/sertsc.org.br\/site\/mctic-estabelece-novo-prazo-para-consignacao-de-canal-digital\/\">Leia mais<\/a><\/p>\n","protected":false},"author":1,"featured_media":5608,"comment_status":"closed","ping_status":"open","sticky":false,"template":"","format":"standard","meta":{"footnotes":""},"categories":[3],"tags":[67,50,70,65,51,62,43,52,63,66,64,71,53,54,46,60,47,56,61,58,69,59],"class_list":{"0":"post-5607","1":"post","2":"type-post","3":"status-publish","4":"format-standard","5":"has-post-thumbnail","7":"category-noticias","8":"tag-capacitacao","9":"tag-emissoras-de-radio","10":"tag-emissoras-de-radio-e-tv","11":"tag-emissoras-de-tv","12":"tag-encontro-regional","13":"tag-gestao","14":"tag-mctic","15":"tag-migracao-am-fm","16":"tag-planejamento-estrategico","17":"tag-radio-e-tv","18":"tag-redes-sociais","19":"tag-reforma-trabalhista","20":"tag-representante-patronal","21":"tag-santa-catarina","22":"tag-sc","23":"tag-seminarios","24":"tag-sertsc","25":"tag-sindicato-patronal","26":"tag-televisao","27":"tag-tv","28":"tag-tv-aberta","29":"tag-tv-digital"},"_links":{"self":[{"href":"https:\/\/sertsc.org.br\/site\/wp-json\/wp\/v2\/posts\/5607","targetHints":{"allow":["GET"]}}],"collection":[{"href":"https:\/\/sertsc.org.br\/site\/wp-json\/wp\/v2\/posts"}],"about":[{"href":"https:\/\/sertsc.org.br\/site\/wp-json\/wp\/v2\/types\/post"}],"author":[{"embeddable":true,"href":"https:\/\/sertsc.org.br\/site\/wp-json\/wp\/v2\/users\/1"}],"replies":[{"embeddable":true,"href":"https:\/\/sertsc.org.br\/site\/wp-json\/wp\/v2\/comments?post=5607"}],"version-history":[{"count":0,"href":"https:\/\/sertsc.org.br\/site\/wp-json\/wp\/v2\/posts\/5607\/revisions"}],"wp:featuredmedia":[{"embeddable":true,"href":"https:\/\/sertsc.org.br\/site\/wp-json\/"}],"wp:attachment":[{"href":"https:\/\/sertsc.org.br\/site\/wp-json\/wp\/v2\/media?parent=5607"}],"wp:term":[{"taxonomy":"category","embeddable":true,"href":"https:\/\/sertsc.org.br\/site\/wp-json\/wp\/v2\/categories?post=5607"},{"taxonomy":"post_tag","embeddable":true,"href":"https:\/\/sertsc.org.br\/site\/wp-json\/wp\/v2\/tags?post=5607"}],"curies":[{"name":"wp","href":"https:\/\/api.w.org\/{rel}","templated":true}]}}