{"id":5578,"date":"2017-09-19T10:54:54","date_gmt":"2017-09-19T13:54:54","guid":{"rendered":"http:\/\/www.sertsc.org.br\/site\/?p=5578"},"modified":"2017-09-19T10:54:54","modified_gmt":"2017-09-19T13:54:54","slug":"semana-do-radio-e-comemorado-com-maratona-de-eventos","status":"publish","type":"post","link":"https:\/\/sertsc.org.br\/site\/semana-do-radio-e-comemorado-com-maratona-de-eventos\/","title":{"rendered":"Semana do R\u00e1dio \u00e9 comemorada com maratona de eventos"},"content":{"rendered":"<p style=\"text-align: justify;\">Em uma data t\u00e3o importante como esta, o Sindicato das Empresas de R\u00e1dio e Televis\u00e3o do Estado de Santa Catarina \u2013 <strong>SERT\/SC<\/strong> n\u00e3o poderia ficar de fora, o N\u00facleo de Emissoras de Radio da ACIB, estar\u00e1 realizando diversos eventos para comemorar a Semana do R\u00e1dio.<\/p>\n<p style=\"text-align: justify;\">A programa\u00e7\u00e3o ter\u00e1 in\u00edcio no dia 22 de setembro com o 4\u00b0<strong>\u00a0<\/strong>Encontro Regional do Sindicato das Empresas de R\u00e1dio e Televis\u00e3o do Estado de Santa Catarina &#8211; <strong>SERT\/SC, <\/strong>com\u00a0in\u00edcio programado para as 15h30, no\u00a0<strong>Plaza Blumenau Hotel<\/strong>. As inscri\u00e7\u00f5es e a programa\u00e7\u00e3o est\u00e3o dispon\u00edveis <a href=\"http:\/\/www.sertsc.org.br\/site\/fernando-morgado-fala-de-planejamento-estrategico-na-comemoracao-da-semana-do-radio-em-blumenau\/\">aqui.<\/a><\/p>\n<p style=\"text-align: justify;\">No Dia do R\u00e1dio, 25 de setembro, ser\u00e1 realizado o Evento N\u00facleo de Emissoras de R\u00e1dio da ACIB, abordando o tema \u201cAtitudes vencedoras em tempos desafiadores\u201d com Prof\u00ba Jair Santos, e contar\u00e1 com o apoio do SERT\/SC. A palestra ter\u00e1 as inscri\u00e7\u00f5es gratuitas e podem ser feitas atrav\u00e9s do <a href=\"https:\/\/www.sympla.com.br\/semana-do-radio__183080\">link.<\/a><\/p>\n<p style=\"text-align: justify;\">Do dia 25 a 30 de Setembro ser\u00e3o realizados eventos externos com todas as emissoras associadas da ACIB, na Escadaria da Catedral S\u00e3o Paulo Ap\u00f3stolo, localizada na rua XV de Novembro, em Blumenau, permitindo intera\u00e7\u00e3o com a comunidade e evidenciando a for\u00e7a do R\u00e1dio.<\/p>\n<p style=\"text-align: justify;\"><a href=\"http:\/\/www.sertsc.org.br\/site\/wp-content\/uploads\/2017\/09\/16408-CBN-Semana-do-R\u00e1dio-EMKT-Convite.jpg\"><img fetchpriority=\"high\" decoding=\"async\" class=\"aligncenter size-full wp-image-5579\" src=\"http:\/\/www.sertsc.org.br\/site\/wp-content\/uploads\/2017\/09\/16408-CBN-Semana-do-R\u00e1dio-EMKT-Convite.jpg\" alt=\"-16408 - CBN - Semana do R\u00e1dio - EMKT Convite\" width=\"750\" height=\"1198\" \/><\/a><\/p>\n<p style=\"margin: 0cm; margin-bottom: .0001pt;\"><strong><span style=\"font-size: 11.0pt; font-family: 'Tahoma','sans-serif'; color: #222222;\">Mais informa\u00e7\u00f5es \u00e0 imprensa:<\/span><\/strong><span style=\"font-size: 11.0pt; font-family: 'Tahoma','sans-serif'; color: #222222;\"><br \/>\nAssessoria de Comunica\u00e7\u00e3o \u2013 SERT\/SC<br \/>\nFone: (48) 3225-2122<\/span><\/p>\n<p style=\"margin: 0cm; margin-bottom: .0001pt;\"><span style=\"font-size: 11.0pt; font-family: 'Tahoma','sans-serif'; color: #222222;\"><a href=\"http:\/\/www.sertsc.org.br\/site\/\">http:\/\/www.sertsc.org.br\/site\/<\/a><\/span><\/p>\n<p style=\"margin: 0cm; margin-bottom: .0001pt;\"><span style=\"font-size: 11.0pt; font-family: 'Tahoma','sans-serif'; color: #222222;\"><a href=\"mailto:sert@sertsc.org.br\">sert@sertsc.org.br<\/a><\/span><\/p>\n<p style=\"margin: 0cm; margin-bottom: .0001pt;\"><span style=\"font-size: 11.0pt; font-family: 'Tahoma','sans-serif'; color: #222222;\"><a href=\"http:\/\/www.facebook.com\/sertsc\">www.facebook.com\/sertsc<\/a><\/span><\/p>\n","protected":false},"excerpt":{"rendered":"<p>Em uma data t\u00e3o importante como esta, o Sindicato das&hellip;<\/p>\n<p> <a class=\"more-link\" href=\"https:\/\/sertsc.org.br\/site\/semana-do-radio-e-comemorado-com-maratona-de-eventos\/\">Leia mais<\/a><\/p>\n","protected":false},"author":1,"featured_media":5581,"comment_status":"closed","ping_status":"open","sticky":false,"template":"","format":"standard","meta":{"footnotes":""},"categories":[3],"tags":[67,50,70,65,51,62,43,52,63,66,64,71,53,54,46,60,47,56,61,58,69,59],"class_list":{"0":"post-5578","1":"post","2":"type-post","3":"status-publish","4":"format-standard","5":"has-post-thumbnail","7":"category-noticias","8":"tag-capacitacao","9":"tag-emissoras-de-radio","10":"tag-emissoras-de-radio-e-tv","11":"tag-emissoras-de-tv","12":"tag-encontro-regional","13":"tag-gestao","14":"tag-mctic","15":"tag-migracao-am-fm","16":"tag-planejamento-estrategico","17":"tag-radio-e-tv","18":"tag-redes-sociais","19":"tag-reforma-trabalhista","20":"tag-representante-patronal","21":"tag-santa-catarina","22":"tag-sc","23":"tag-seminarios","24":"tag-sertsc","25":"tag-sindicato-patronal","26":"tag-televisao","27":"tag-tv","28":"tag-tv-aberta","29":"tag-tv-digital"},"_links":{"self":[{"href":"https:\/\/sertsc.org.br\/site\/wp-json\/wp\/v2\/posts\/5578","targetHints":{"allow":["GET"]}}],"collection":[{"href":"https:\/\/sertsc.org.br\/site\/wp-json\/wp\/v2\/posts"}],"about":[{"href":"https:\/\/sertsc.org.br\/site\/wp-json\/wp\/v2\/types\/post"}],"author":[{"embeddable":true,"href":"https:\/\/sertsc.org.br\/site\/wp-json\/wp\/v2\/users\/1"}],"replies":[{"embeddable":true,"href":"https:\/\/sertsc.org.br\/site\/wp-json\/wp\/v2\/comments?post=5578"}],"version-history":[{"count":0,"href":"https:\/\/sertsc.org.br\/site\/wp-json\/wp\/v2\/posts\/5578\/revisions"}],"wp:featuredmedia":[{"embeddable":true,"href":"https:\/\/sertsc.org.br\/site\/wp-json\/"}],"wp:attachment":[{"href":"https:\/\/sertsc.org.br\/site\/wp-json\/wp\/v2\/media?parent=5578"}],"wp:term":[{"taxonomy":"category","embeddable":true,"href":"https:\/\/sertsc.org.br\/site\/wp-json\/wp\/v2\/categories?post=5578"},{"taxonomy":"post_tag","embeddable":true,"href":"https:\/\/sertsc.org.br\/site\/wp-json\/wp\/v2\/tags?post=5578"}],"curies":[{"name":"wp","href":"https:\/\/api.w.org\/{rel}","templated":true}]}}