{"id":5573,"date":"2017-09-13T09:29:06","date_gmt":"2017-09-13T12:29:06","guid":{"rendered":"http:\/\/www.sertsc.org.br\/site\/?p=5573"},"modified":"2017-09-13T09:29:06","modified_gmt":"2017-09-13T12:29:06","slug":"fernando-morgado-fala-de-planejamento-estrategico-na-comemoracao-da-semana-do-radio-em-blumenau","status":"publish","type":"post","link":"https:\/\/sertsc.org.br\/site\/fernando-morgado-fala-de-planejamento-estrategico-na-comemoracao-da-semana-do-radio-em-blumenau\/","title":{"rendered":"Fernando Morgado fala de Planejamento Estrat\u00e9gico na comemora\u00e7\u00e3o da Semana do R\u00e1dio em Blumenau"},"content":{"rendered":"<p style=\"text-align: justify;\">Amigos radiodifusores da regi\u00e3o do Vale do Itaja\u00ed venham comemorar os 95 anos do R\u00e1dio no Brasil!<\/p>\n<p><iframe title=\"Convite Fernando Morgado para Encontro Regional do SERT\/SC em Blumenau\" width=\"800\" height=\"450\" src=\"https:\/\/www.youtube.com\/embed\/iThbHjpQ7Qk?feature=oembed\" frameborder=\"0\" allow=\"accelerometer; autoplay; clipboard-write; encrypted-media; gyroscope; picture-in-picture; web-share\" allowfullscreen><\/iframe><\/p>\n<p style=\"text-align: justify;\">Com o objetivo de dar continuidade \u00e0s visitas t\u00e9cnicas e jur\u00eddicas para levar mais conhecimento e informa\u00e7\u00f5es para os radiodifusores do Estado de Santa Catarina, o Representante Patronal\u00a0do\u00a0R\u00e1dio e Televis\u00e3o\u00a0 de Santa Catarina \u2013 <strong>SERT\/SC <\/strong>estar\u00e1 realizando no dia 22 de setembro, no Plaza Blumenau Hotel, o 4\u00ba Encontro Regional de 2017, com a presen\u00e7a do presidente da entidade, Carlos Alberto Ross, o consultor jur\u00eddico, Dr. Marcos Ant\u00f4nio Silveira e assessores, al\u00e9m da participa\u00e7\u00e3o especial do palestrante Fernando Morgado.<\/p>\n<p style=\"text-align: justify;\"><strong>Temas abordados:<\/strong>\u00a0Contexto das mudan\u00e7as no setor de radiodifus\u00e3o; Especificidade e benef\u00edcios; Cultura corporativa: a import\u00e2ncia para o r\u00e1dio; Planejamento estrat\u00e9gico e cultura corporativa voltadas para resultados; Estrat\u00e9gia para ampliar as vendas de sua emissoras e casos de sucesso em r\u00e1dios.<\/p>\n<p style=\"text-align: justify;\"><strong>Sobre o palestrante<\/strong><strong>:<\/strong>Fernando Morgado \u00e9 professor da FACHA e professor convidado de institui\u00e7\u00f5es como Universidad Aut\u00f3noma Metropolitana do M\u00e9xico, ESPM e PUC-Rio. Autor do livro biogr\u00e1fico\u00a0Silvio Santos: a trajet\u00f3ria do mito\u00a0(Matrix, 2017). Tem outros seis livros como autor, coautor e colaborador. Foi consultor da Federa\u00e7\u00e3o Nacional das Empresas de R\u00e1dio e Televis\u00e3o (FENAERT). Atuou na \u00e1rea de intelig\u00eancia de mercado do Sistema Globo de R\u00e1dio e foi comentarista da R\u00e1dio MEC. Mestre em Gest\u00e3o da Economia Criativa, p\u00f3s-graduado em Gest\u00e3o Empresarial e Marketing e graduado em Design com Habilita\u00e7\u00e3o em Comunica\u00e7\u00e3o Visual e \u00canfase em Marketing pela ESPM.<\/p>\n<p style=\"text-align: center;\"><span style=\"color: #ff0000;\"><strong>CONFIRA NOSSA PROGRAMA\u00c7\u00c3O:<\/strong><\/span><\/p>\n<p style=\"text-align: center;\"><strong>(Sujeito altera\u00e7\u00e3o)<\/strong><\/p>\n<p>&nbsp;<\/p>\n<p><strong>SEXTA-FEIRA \u2013 22\/09 \u2013\u00a0Diretores das emissoras, Gestores e Colaboradores.<\/strong><\/p>\n<p><strong>15h30 \u2013\u00a0<\/strong>Abertura do Encontro Regional com a palavra do presidente do SERT\/SC, assessores e convidados, tratando de assuntos relacionados ao sindicato Estadual, da regi\u00e3o do Vale do Itaja\u00ed e do F\u00f3rum de Ideias.<\/p>\n<p><strong>16h \u2013<\/strong>\u00a0Palestra \u2013 Consultor Jur\u00eddico Dr. Marcos Ant\u00f4nio Silveira.<br \/>\n<strong>Pauta:<\/strong>\u00a0 Reforma Trabalhista;<\/p>\n<p><strong>17h \u2013 Coffee Break.<\/strong><\/p>\n<p><strong>17h15\u00a0\u2013<\/strong>\u00a0Palestra \u2013 Fernando Morgado \u2013 Pesquisador de m\u00eddia e comunica\u00e7\u00e3o, j\u00e1 atuou na \u00e1rea de intelig\u00eancia de mercado do Sistema Globo de R\u00e1dio (RJ) e autor do livro\u00a0Silvio Santos: a trajet\u00f3ria do mito.<br \/>\n<strong>Pauta:<\/strong>\u00a0Planejamento Estrat\u00e9gico nas empresas de Radiodifus\u00e3o;<\/p>\n<p><strong>19h30<\/strong>\u00a0\u2013\u00a0<strong>Jantar de Encerramento.<\/strong><\/p>\n<p>Para facilitar a nossa organiza\u00e7\u00e3o, solicitamos confirma\u00e7\u00e3o da sua participa\u00e7\u00e3o, por\u00a0<a href=\"mailto:sert@sertsc.org.br?subject=ENCONTRO%20REGIONAL%20BLUMENAU\"><strong>e-mail\u00a0<\/strong><\/a>ou por telefone.<\/p>\n<p><strong>Obs: Informamos que as Palestras e Refei\u00e7\u00f5es\u00a0oferecidas durante o Encontro Regional s\u00e3o totalmente gratuitas para as empresas filiadas.<\/strong><\/p>\n<p style=\"text-align: center;\"><strong>Venha descobrir como trabalhar sua marca e como lucrar mais.<\/strong><\/p>\n<p style=\"text-align: center;\"><strong>Carlos Alberto Ross<\/strong><\/p>\n<p style=\"text-align: center;\"><strong>Presidente do SERT\/SC<\/strong><\/p>\n","protected":false},"excerpt":{"rendered":"<p>Amigos radiodifusores da regi\u00e3o do Vale do Itaja\u00ed venham comemorar&hellip;<\/p>\n<p> <a class=\"more-link\" href=\"https:\/\/sertsc.org.br\/site\/fernando-morgado-fala-de-planejamento-estrategico-na-comemoracao-da-semana-do-radio-em-blumenau\/\">Leia mais<\/a><\/p>\n","protected":false},"author":1,"featured_media":5576,"comment_status":"closed","ping_status":"open","sticky":false,"template":"","format":"standard","meta":{"footnotes":""},"categories":[33],"tags":[67,50,70,65,51,62,43,52,63,66,64,71,53,54,46,60,47,56,61,58,69,59],"class_list":{"0":"post-5573","1":"post","2":"type-post","3":"status-publish","4":"format-standard","5":"has-post-thumbnail","7":"category-destaques","8":"tag-capacitacao","9":"tag-emissoras-de-radio","10":"tag-emissoras-de-radio-e-tv","11":"tag-emissoras-de-tv","12":"tag-encontro-regional","13":"tag-gestao","14":"tag-mctic","15":"tag-migracao-am-fm","16":"tag-planejamento-estrategico","17":"tag-radio-e-tv","18":"tag-redes-sociais","19":"tag-reforma-trabalhista","20":"tag-representante-patronal","21":"tag-santa-catarina","22":"tag-sc","23":"tag-seminarios","24":"tag-sertsc","25":"tag-sindicato-patronal","26":"tag-televisao","27":"tag-tv","28":"tag-tv-aberta","29":"tag-tv-digital"},"_links":{"self":[{"href":"https:\/\/sertsc.org.br\/site\/wp-json\/wp\/v2\/posts\/5573","targetHints":{"allow":["GET"]}}],"collection":[{"href":"https:\/\/sertsc.org.br\/site\/wp-json\/wp\/v2\/posts"}],"about":[{"href":"https:\/\/sertsc.org.br\/site\/wp-json\/wp\/v2\/types\/post"}],"author":[{"embeddable":true,"href":"https:\/\/sertsc.org.br\/site\/wp-json\/wp\/v2\/users\/1"}],"replies":[{"embeddable":true,"href":"https:\/\/sertsc.org.br\/site\/wp-json\/wp\/v2\/comments?post=5573"}],"version-history":[{"count":0,"href":"https:\/\/sertsc.org.br\/site\/wp-json\/wp\/v2\/posts\/5573\/revisions"}],"wp:featuredmedia":[{"embeddable":true,"href":"https:\/\/sertsc.org.br\/site\/wp-json\/"}],"wp:attachment":[{"href":"https:\/\/sertsc.org.br\/site\/wp-json\/wp\/v2\/media?parent=5573"}],"wp:term":[{"taxonomy":"category","embeddable":true,"href":"https:\/\/sertsc.org.br\/site\/wp-json\/wp\/v2\/categories?post=5573"},{"taxonomy":"post_tag","embeddable":true,"href":"https:\/\/sertsc.org.br\/site\/wp-json\/wp\/v2\/tags?post=5573"}],"curies":[{"name":"wp","href":"https:\/\/api.w.org\/{rel}","templated":true}]}}