{"id":5570,"date":"2017-09-12T16:22:39","date_gmt":"2017-09-12T19:22:39","guid":{"rendered":"http:\/\/www.sertsc.org.br\/site\/?p=5570"},"modified":"2017-09-12T16:22:39","modified_gmt":"2017-09-12T19:22:39","slug":"mutirao-da-migracao-contemplara-radios-de-pe-e-pa","status":"publish","type":"post","link":"https:\/\/sertsc.org.br\/site\/mutirao-da-migracao-contemplara-radios-de-pe-e-pa\/","title":{"rendered":"Mutir\u00e3o da migra\u00e7\u00e3o contemplar\u00e1 r\u00e1dios de PE e PA"},"content":{"rendered":"<p style=\"text-align: justify;\">O Minist\u00e9rio da Ci\u00eancia, Tecnologia, Inova\u00e7\u00f5es e Comunica\u00e7\u00f5es (MCTIC) anunciou as pr\u00f3ximas regi\u00f5es que receber\u00e3o o mutir\u00e3o de assinaturas para migra\u00e7\u00e3o das r\u00e1dios AM para FM. Recife e outras cidades de Pernambuco dever\u00e3o assinar os termos aditivos de adapta\u00e7\u00e3o de outorga na pr\u00f3xima sexta-feira (15), e Bel\u00e9m e demais cidades do Par\u00e1 receber\u00e3o o evento no dia 29 de setembro.<\/p>\n<p style=\"text-align: justify;\">Os mutir\u00f5es v\u00e3o \u00e0s capitais para agilizar o processo burocr\u00e1tico, esclarecer d\u00favidas dos radiodifusores e mostrar a import\u00e2ncia da mudan\u00e7a de faixa. Durante o congresso Fala Norte\/Nordeste, o ministro Gilberto Kassab falou sobre a import\u00e2ncia do trabalho. O evento sediou o 10\u00ba mutir\u00e3o de assinatura, dando in\u00edcio ao processo de migra\u00e7\u00e3o de 64 emissoras de Fortaleza e outras cidades do Cear\u00e1.<\/p>\n<p style=\"text-align: justify;\">\u201cIsso \u00e9 o gratificante na vida p\u00fablica, assumir responsabilidades e construir um legado. Tivemos a felicidade de conseguir avan\u00e7ar bastante na desburocratiza\u00e7\u00e3o do setor com decretos, leis e medidas provis\u00f3rias que nos permitem afirmar que, hoje, a vida do radiodifusor est\u00e1 bem mais f\u00e1cil, com menos documenta\u00e7\u00e3o, mais agilidade e menor participa\u00e7\u00e3o e interfer\u00eancia do poder p\u00fablico. No mundo da internet, quem n\u00e3o combate a burocracia, \u00e9 porque n\u00e3o quer. Mais de 560 emissoras j\u00e1 assinaram contrato para migrar, e o trabalho n\u00e3o terminou\u201d, disse.<\/p>\n<p style=\"text-align: justify;\">O mutir\u00e3o em Recife (PE) acontecer\u00e1 \u00e0s 11h, no Pal\u00e1cio do Campo das Princesas. O local e hor\u00e1rio da solenidade no Par\u00e1 ainda ser\u00e3o confirmados pelo MCTIC.<\/p>\n<p style=\"text-align: justify;\">Fonte: ABERT.<\/p>\n","protected":false},"excerpt":{"rendered":"<p>O Minist\u00e9rio da Ci\u00eancia, Tecnologia, Inova\u00e7\u00f5es e Comunica\u00e7\u00f5es (MCTIC) anunciou&hellip;<\/p>\n<p> <a class=\"more-link\" href=\"https:\/\/sertsc.org.br\/site\/mutirao-da-migracao-contemplara-radios-de-pe-e-pa\/\">Leia mais<\/a><\/p>\n","protected":false},"author":1,"featured_media":5571,"comment_status":"closed","ping_status":"open","sticky":false,"template":"","format":"standard","meta":{"footnotes":""},"categories":[3],"tags":[67,50,70,65,51,62,43,52,63,66,64,71,53,54,46,60,47,56,61,58,69,59],"class_list":{"0":"post-5570","1":"post","2":"type-post","3":"status-publish","4":"format-standard","5":"has-post-thumbnail","7":"category-noticias","8":"tag-capacitacao","9":"tag-emissoras-de-radio","10":"tag-emissoras-de-radio-e-tv","11":"tag-emissoras-de-tv","12":"tag-encontro-regional","13":"tag-gestao","14":"tag-mctic","15":"tag-migracao-am-fm","16":"tag-planejamento-estrategico","17":"tag-radio-e-tv","18":"tag-redes-sociais","19":"tag-reforma-trabalhista","20":"tag-representante-patronal","21":"tag-santa-catarina","22":"tag-sc","23":"tag-seminarios","24":"tag-sertsc","25":"tag-sindicato-patronal","26":"tag-televisao","27":"tag-tv","28":"tag-tv-aberta","29":"tag-tv-digital"},"_links":{"self":[{"href":"https:\/\/sertsc.org.br\/site\/wp-json\/wp\/v2\/posts\/5570","targetHints":{"allow":["GET"]}}],"collection":[{"href":"https:\/\/sertsc.org.br\/site\/wp-json\/wp\/v2\/posts"}],"about":[{"href":"https:\/\/sertsc.org.br\/site\/wp-json\/wp\/v2\/types\/post"}],"author":[{"embeddable":true,"href":"https:\/\/sertsc.org.br\/site\/wp-json\/wp\/v2\/users\/1"}],"replies":[{"embeddable":true,"href":"https:\/\/sertsc.org.br\/site\/wp-json\/wp\/v2\/comments?post=5570"}],"version-history":[{"count":0,"href":"https:\/\/sertsc.org.br\/site\/wp-json\/wp\/v2\/posts\/5570\/revisions"}],"wp:featuredmedia":[{"embeddable":true,"href":"https:\/\/sertsc.org.br\/site\/wp-json\/"}],"wp:attachment":[{"href":"https:\/\/sertsc.org.br\/site\/wp-json\/wp\/v2\/media?parent=5570"}],"wp:term":[{"taxonomy":"category","embeddable":true,"href":"https:\/\/sertsc.org.br\/site\/wp-json\/wp\/v2\/categories?post=5570"},{"taxonomy":"post_tag","embeddable":true,"href":"https:\/\/sertsc.org.br\/site\/wp-json\/wp\/v2\/tags?post=5570"}],"curies":[{"name":"wp","href":"https:\/\/api.w.org\/{rel}","templated":true}]}}