{"id":5561,"date":"2017-09-12T11:25:37","date_gmt":"2017-09-12T14:25:37","guid":{"rendered":"http:\/\/www.sertsc.org.br\/site\/?p=5561"},"modified":"2017-09-12T11:25:37","modified_gmt":"2017-09-12T14:25:37","slug":"reforma-trabalhista-e-tema-de-workshop-do-sindejorsc","status":"publish","type":"post","link":"https:\/\/sertsc.org.br\/site\/reforma-trabalhista-e-tema-de-workshop-do-sindejorsc\/","title":{"rendered":"Reforma trabalhista \u00e9 tema de Workshop do Sindejor\/SC"},"content":{"rendered":"<p style=\"text-align: justify;\">O Sindicato das Empresas Propriet\u00e1rias de Jornais e Revistas do Estado de SC \u2013Sindejor\/SC promove no\u00a0<strong>dia 26 de setembro, a partir das 14 horas, <\/strong>um<strong>\u00a0<\/strong>Workshop sobre Reforma Trabalhista, ser\u00e1 no Plenarinho da Assembleia Legislativa de Santa Catarina \u2013 Alesc, em Florian\u00f3polis.<\/p>\n<p style=\"text-align: justify;\">O evento contar\u00e1 com as palestras de Rudimar Bertolotto, advogado especialista em Rela\u00e7\u00f5es do Trabalho e de Alexandre Ramos, desembargador do TRT\/SC. A entrada \u00e9 gratuita\u00a0e as vagas s\u00e3o limitadas, as inscri\u00e7\u00f5es podem ser feitas at\u00e9 o dia 22 de setembro, atrav\u00e9s do telefone (48) 3282.4077.<\/p>\n<p style=\"text-align: justify;\">O evento conta com o apoio do Sindicato das Empresas de R\u00e1dio e Televis\u00e3o do Estado de Santa Catarina &#8211; <strong>SERT\/SC.<\/strong><\/p>\n<p style=\"text-align: justify;\"><a href=\"http:\/\/www.sertsc.org.br\/site\/wp-content\/uploads\/2017\/09\/workshop.jpg\"><img fetchpriority=\"high\" decoding=\"async\" class=\"aligncenter size-full wp-image-5563\" src=\"http:\/\/www.sertsc.org.br\/site\/wp-content\/uploads\/2017\/09\/workshop.jpg\" alt=\"workshop\" width=\"1166\" height=\"1655\" \/><\/a><\/p>\n<p style=\"text-align: justify;\">Fonte: Sindejor; Com informa\u00e7\u00f5es SERT\/SC.<\/p>\n","protected":false},"excerpt":{"rendered":"<p>O Sindicato das Empresas Propriet\u00e1rias de Jornais e Revistas do&hellip;<\/p>\n<p> <a class=\"more-link\" href=\"https:\/\/sertsc.org.br\/site\/reforma-trabalhista-e-tema-de-workshop-do-sindejorsc\/\">Leia mais<\/a><\/p>\n","protected":false},"author":1,"featured_media":5566,"comment_status":"closed","ping_status":"open","sticky":false,"template":"","format":"standard","meta":{"footnotes":""},"categories":[3],"tags":[67,50,70,65,51,62,43,52,63,66,64,71,53,54,46,60,47,56,61,58,69,59],"class_list":{"0":"post-5561","1":"post","2":"type-post","3":"status-publish","4":"format-standard","5":"has-post-thumbnail","7":"category-noticias","8":"tag-capacitacao","9":"tag-emissoras-de-radio","10":"tag-emissoras-de-radio-e-tv","11":"tag-emissoras-de-tv","12":"tag-encontro-regional","13":"tag-gestao","14":"tag-mctic","15":"tag-migracao-am-fm","16":"tag-planejamento-estrategico","17":"tag-radio-e-tv","18":"tag-redes-sociais","19":"tag-reforma-trabalhista","20":"tag-representante-patronal","21":"tag-santa-catarina","22":"tag-sc","23":"tag-seminarios","24":"tag-sertsc","25":"tag-sindicato-patronal","26":"tag-televisao","27":"tag-tv","28":"tag-tv-aberta","29":"tag-tv-digital"},"_links":{"self":[{"href":"https:\/\/sertsc.org.br\/site\/wp-json\/wp\/v2\/posts\/5561","targetHints":{"allow":["GET"]}}],"collection":[{"href":"https:\/\/sertsc.org.br\/site\/wp-json\/wp\/v2\/posts"}],"about":[{"href":"https:\/\/sertsc.org.br\/site\/wp-json\/wp\/v2\/types\/post"}],"author":[{"embeddable":true,"href":"https:\/\/sertsc.org.br\/site\/wp-json\/wp\/v2\/users\/1"}],"replies":[{"embeddable":true,"href":"https:\/\/sertsc.org.br\/site\/wp-json\/wp\/v2\/comments?post=5561"}],"version-history":[{"count":0,"href":"https:\/\/sertsc.org.br\/site\/wp-json\/wp\/v2\/posts\/5561\/revisions"}],"wp:featuredmedia":[{"embeddable":true,"href":"https:\/\/sertsc.org.br\/site\/wp-json\/"}],"wp:attachment":[{"href":"https:\/\/sertsc.org.br\/site\/wp-json\/wp\/v2\/media?parent=5561"}],"wp:term":[{"taxonomy":"category","embeddable":true,"href":"https:\/\/sertsc.org.br\/site\/wp-json\/wp\/v2\/categories?post=5561"},{"taxonomy":"post_tag","embeddable":true,"href":"https:\/\/sertsc.org.br\/site\/wp-json\/wp\/v2\/tags?post=5561"}],"curies":[{"name":"wp","href":"https:\/\/api.w.org\/{rel}","templated":true}]}}