{"id":5557,"date":"2017-09-11T10:21:45","date_gmt":"2017-09-11T13:21:45","guid":{"rendered":"http:\/\/www.sertsc.org.br\/site\/?p=5557"},"modified":"2017-09-11T10:21:45","modified_gmt":"2017-09-11T13:21:45","slug":"consumo-de-radio-dos-jovens-aumenta-quando-entram-no-mercado-de-trabalho","status":"publish","type":"post","link":"https:\/\/sertsc.org.br\/site\/consumo-de-radio-dos-jovens-aumenta-quando-entram-no-mercado-de-trabalho\/","title":{"rendered":"Consumo de r\u00e1dio dos jovens aumenta quando entram no mercado de trabalho"},"content":{"rendered":"<p style=\"text-align: justify;\">Os gr\u00e1ficos de audi\u00eancia versus faixa et\u00e1ria mostram que, em geral, os mais jovens escutam menos r\u00e1dio que os mais velhos. Em uma primeira an\u00e1lise, isto poderia significar que os jovens que consomem menos r\u00e1dio hoje se tornar\u00e3o adultos, igualmente, consumindo menos r\u00e1dio. Por esta l\u00f3gica, a audi\u00eancia do r\u00e1dio tenderia a ser decrescente ao longo do tempo.<\/p>\n<p style=\"text-align: justify;\">Entretanto, um estudo da Nielsen (no mercado americano) fez uma outra abordagem e chegou a conclus\u00f5es diferentes. O estudo comparou a audi\u00eancia dos jovens de 12-17 anos do ano de 2011 com a audi\u00eancia daquele que seria o \u201cmesmo\u201d grupo em 2017, os jovens de 18-24 anos.<\/p>\n<p style=\"text-align: justify;\">A compara\u00e7\u00e3o mostrou que, ao inv\u00e9s de diminuir ao longo do tempo, a audi\u00eancia do r\u00e1dio havia aumentado com o aumento da idade. Ao mesmo tempo, se constatou uma forte correla\u00e7\u00e3o deste aumento com a entrada destes jovens no mercado de trabalho.<\/p>\n<p style=\"text-align: justify;\">Audi\u00eancia do r\u00e1dio aumenta com a entrada do jovem no mercado de trabalho<\/p>\n<p><a href=\"http:\/\/www.sertsc.org.br\/site\/wp-content\/uploads\/2017\/09\/unnamed-8.jpg\"><img fetchpriority=\"high\" decoding=\"async\" class=\"aligncenter size-full wp-image-5558\" src=\"http:\/\/www.sertsc.org.br\/site\/wp-content\/uploads\/2017\/09\/unnamed-8.jpg\" alt=\"unnamed (8)\" width=\"557\" height=\"783\" \/><\/a><\/p>\n<p>Fonte: ZYDigital.<\/p>\n","protected":false},"excerpt":{"rendered":"<p>Os gr\u00e1ficos de audi\u00eancia versus faixa et\u00e1ria mostram que, em&hellip;<\/p>\n<p> <a class=\"more-link\" href=\"https:\/\/sertsc.org.br\/site\/consumo-de-radio-dos-jovens-aumenta-quando-entram-no-mercado-de-trabalho\/\">Leia mais<\/a><\/p>\n","protected":false},"author":1,"featured_media":5559,"comment_status":"closed","ping_status":"open","sticky":false,"template":"","format":"standard","meta":{"footnotes":""},"categories":[3],"tags":[67,50,70,65,51,62,43,52,63,66,64,71,53,54,46,60,47,56,61,58,69,59],"class_list":{"0":"post-5557","1":"post","2":"type-post","3":"status-publish","4":"format-standard","5":"has-post-thumbnail","7":"category-noticias","8":"tag-capacitacao","9":"tag-emissoras-de-radio","10":"tag-emissoras-de-radio-e-tv","11":"tag-emissoras-de-tv","12":"tag-encontro-regional","13":"tag-gestao","14":"tag-mctic","15":"tag-migracao-am-fm","16":"tag-planejamento-estrategico","17":"tag-radio-e-tv","18":"tag-redes-sociais","19":"tag-reforma-trabalhista","20":"tag-representante-patronal","21":"tag-santa-catarina","22":"tag-sc","23":"tag-seminarios","24":"tag-sertsc","25":"tag-sindicato-patronal","26":"tag-televisao","27":"tag-tv","28":"tag-tv-aberta","29":"tag-tv-digital"},"_links":{"self":[{"href":"https:\/\/sertsc.org.br\/site\/wp-json\/wp\/v2\/posts\/5557","targetHints":{"allow":["GET"]}}],"collection":[{"href":"https:\/\/sertsc.org.br\/site\/wp-json\/wp\/v2\/posts"}],"about":[{"href":"https:\/\/sertsc.org.br\/site\/wp-json\/wp\/v2\/types\/post"}],"author":[{"embeddable":true,"href":"https:\/\/sertsc.org.br\/site\/wp-json\/wp\/v2\/users\/1"}],"replies":[{"embeddable":true,"href":"https:\/\/sertsc.org.br\/site\/wp-json\/wp\/v2\/comments?post=5557"}],"version-history":[{"count":0,"href":"https:\/\/sertsc.org.br\/site\/wp-json\/wp\/v2\/posts\/5557\/revisions"}],"wp:featuredmedia":[{"embeddable":true,"href":"https:\/\/sertsc.org.br\/site\/wp-json\/"}],"wp:attachment":[{"href":"https:\/\/sertsc.org.br\/site\/wp-json\/wp\/v2\/media?parent=5557"}],"wp:term":[{"taxonomy":"category","embeddable":true,"href":"https:\/\/sertsc.org.br\/site\/wp-json\/wp\/v2\/categories?post=5557"},{"taxonomy":"post_tag","embeddable":true,"href":"https:\/\/sertsc.org.br\/site\/wp-json\/wp\/v2\/tags?post=5557"}],"curies":[{"name":"wp","href":"https:\/\/api.w.org\/{rel}","templated":true}]}}