{"id":5550,"date":"2017-09-11T09:28:57","date_gmt":"2017-09-11T12:28:57","guid":{"rendered":"http:\/\/www.sertsc.org.br\/site\/?p=5550"},"modified":"2017-09-11T09:28:57","modified_gmt":"2017-09-11T12:28:57","slug":"desligamento-tv-analogica-pontos-de-aconselhamento-comecam-ser-instalados-para-distribuicao-de-kits-de-conversao","status":"publish","type":"post","link":"https:\/\/sertsc.org.br\/site\/desligamento-tv-analogica-pontos-de-aconselhamento-comecam-ser-instalados-para-distribuicao-de-kits-de-conversao\/","title":{"rendered":"Desligamento TV Anal\u00f3gica: Pontos de Aconselhamento come\u00e7am a ser instalados para distribui\u00e7\u00e3o de kits de convers\u00e3o"},"content":{"rendered":"<p class=\"font-16\" style=\"text-align: justify;\"><strong>Em Florian\u00f3polis previs\u00e3o do apag\u00e3o anal\u00f3gico \u00e9 dia 31 de janeiro de 2018<\/strong><\/p>\n<p style=\"text-align: justify;\">Representantes da Seja Digital, entidade respons\u00e1vel por operacionalizar a migra\u00e7\u00e3o do sinal anal\u00f3gico para o sinal digital da televis\u00e3o no Brasil, se reuniram nesta quarta-feira (6), na sede da ACAERT, em Florian\u00f3polis com representantes das \u00e1reas de programa\u00e7\u00e3o, engenharia e marketing das emissoras de TV da capital. A diretora local da Seja Digital, Cheila Zort\u00e9a, confirmou a instala\u00e7\u00e3o de 18 Pontos de Aconselhamento (PDAs), onde promotores da entidade orientar\u00e3o a popula\u00e7\u00e3o sobre o processo de digitaliza\u00e7\u00e3o da TV e realizar\u00e3o o agendamento para retirada dos kits. Esses pontos funcionar\u00e3o nos Centros de Refer\u00eancia de Assist\u00eancia Social de Florian\u00f3polis, Bigua\u00e7u, S\u00e3o Jos\u00e9, Palho\u00e7a e Paulo Lopes. Ser\u00e3o distribu\u00eddos 43.4 mil kits gratuitos com antena e conversor para a popula\u00e7\u00e3o de baixa renda cadastrada em Programas Sociais do Governo Federal.<\/p>\n<p style=\"text-align: justify;\">O desligamento da TV anal\u00f3gica para a regi\u00e3o est\u00e1 previsto para o dia 31 de janeiro de 2018. At\u00e9 l\u00e1, v\u00e1rias a\u00e7\u00f5es sociais ser\u00e3o realizadas para que os 358 mil domic\u00edlios da capital e os outros 4 munic\u00edpios possam receber o sinal digital. A meta \u00e9 desligar a tv anal\u00f3gica em todo pa\u00eds at\u00e9 o ano de 2023.<\/p>\n<p style=\"text-align: justify;\">Com informa\u00e7\u00f5es Acaert.<\/p>\n","protected":false},"excerpt":{"rendered":"<p>Em Florian\u00f3polis previs\u00e3o do apag\u00e3o anal\u00f3gico \u00e9 dia 31 de&hellip;<\/p>\n<p> <a class=\"more-link\" href=\"https:\/\/sertsc.org.br\/site\/desligamento-tv-analogica-pontos-de-aconselhamento-comecam-ser-instalados-para-distribuicao-de-kits-de-conversao\/\">Leia mais<\/a><\/p>\n","protected":false},"author":1,"featured_media":5551,"comment_status":"closed","ping_status":"open","sticky":false,"template":"","format":"standard","meta":{"footnotes":""},"categories":[3],"tags":[67,50,70,65,51,62,43,52,63,66,64,71,53,54,46,60,47,56,61,58,69,59],"class_list":{"0":"post-5550","1":"post","2":"type-post","3":"status-publish","4":"format-standard","5":"has-post-thumbnail","7":"category-noticias","8":"tag-capacitacao","9":"tag-emissoras-de-radio","10":"tag-emissoras-de-radio-e-tv","11":"tag-emissoras-de-tv","12":"tag-encontro-regional","13":"tag-gestao","14":"tag-mctic","15":"tag-migracao-am-fm","16":"tag-planejamento-estrategico","17":"tag-radio-e-tv","18":"tag-redes-sociais","19":"tag-reforma-trabalhista","20":"tag-representante-patronal","21":"tag-santa-catarina","22":"tag-sc","23":"tag-seminarios","24":"tag-sertsc","25":"tag-sindicato-patronal","26":"tag-televisao","27":"tag-tv","28":"tag-tv-aberta","29":"tag-tv-digital"},"_links":{"self":[{"href":"https:\/\/sertsc.org.br\/site\/wp-json\/wp\/v2\/posts\/5550","targetHints":{"allow":["GET"]}}],"collection":[{"href":"https:\/\/sertsc.org.br\/site\/wp-json\/wp\/v2\/posts"}],"about":[{"href":"https:\/\/sertsc.org.br\/site\/wp-json\/wp\/v2\/types\/post"}],"author":[{"embeddable":true,"href":"https:\/\/sertsc.org.br\/site\/wp-json\/wp\/v2\/users\/1"}],"replies":[{"embeddable":true,"href":"https:\/\/sertsc.org.br\/site\/wp-json\/wp\/v2\/comments?post=5550"}],"version-history":[{"count":0,"href":"https:\/\/sertsc.org.br\/site\/wp-json\/wp\/v2\/posts\/5550\/revisions"}],"wp:featuredmedia":[{"embeddable":true,"href":"https:\/\/sertsc.org.br\/site\/wp-json\/"}],"wp:attachment":[{"href":"https:\/\/sertsc.org.br\/site\/wp-json\/wp\/v2\/media?parent=5550"}],"wp:term":[{"taxonomy":"category","embeddable":true,"href":"https:\/\/sertsc.org.br\/site\/wp-json\/wp\/v2\/categories?post=5550"},{"taxonomy":"post_tag","embeddable":true,"href":"https:\/\/sertsc.org.br\/site\/wp-json\/wp\/v2\/tags?post=5550"}],"curies":[{"name":"wp","href":"https:\/\/api.w.org\/{rel}","templated":true}]}}