{"id":5547,"date":"2017-09-20T11:23:55","date_gmt":"2017-09-20T14:23:55","guid":{"rendered":"http:\/\/www.sertsc.org.br\/site\/?p=5547"},"modified":"2017-09-20T11:23:55","modified_gmt":"2017-09-20T14:23:55","slug":"congresso-da-aerp-debate-midias-sociais-como-atrativo-para-novos-consumidores","status":"publish","type":"post","link":"https:\/\/sertsc.org.br\/site\/congresso-da-aerp-debate-midias-sociais-como-atrativo-para-novos-consumidores\/","title":{"rendered":"Congresso da AERP debate m\u00eddias sociais como atrativo para novos consumidores"},"content":{"rendered":"<div class=\"itemIntroText\">\n<p style=\"text-align: justify;\">Saber como planejar, executar e gerir as redes sociais ser\u00e1 um dos destaques do 24\u00ba Congresso Paranaense de Radiodifus\u00e3o, que acontece em Curitiba (PR), entre os dias 27 e 29 de setembro.<\/p>\n<\/div>\n<div class=\"itemFullText\">\n<p style=\"text-align: justify;\">A consultora em m\u00eddias sociais, Fernanda Musaro, a consultora em estrat\u00e9gias para internet, Liliane Ferrari, e o diretor de inova\u00e7\u00f5es do grupo Mix de Comunica\u00e7\u00e3o, H\u00e9lio Gomes, comandar\u00e3o o painel \u201cPlanejamento e Gest\u00e3o de M\u00eddias\u201d.<\/p>\n<p style=\"text-align: justify;\">Os especialistas ir\u00e3o apresentar todas as ferramentas dispon\u00edveis e necess\u00e1rias para que uma empresas de radiodifus\u00e3o seja ativa na internet e fa\u00e7a da intera\u00e7\u00e3o com o consumidor um atrativo para buscar novos seguidores, e consequentemente, mais ouvintes e telespectadores. O debate sobre m\u00eddias sociais ser\u00e1 no dia 29 de setembro, \u00e0s 10h30.<\/p>\n<p style=\"text-align: justify;\">Considerado um dos maiores encontros de radiodifus\u00e3o do Sul do pa\u00eds, o congresso, promovido pela Associa\u00e7\u00e3o das Emissoras de Radiodifus\u00e3o do Paran\u00e1 (AERP) e pelo Sindicato das Empresas de R\u00e1dio e Televis\u00e3o do Paran\u00e1 (SERT\/PR), contar\u00e1, al\u00e9m de palestras e debates, com uma Feira de Equipamentos.<\/p>\n<p style=\"text-align: justify;\">Dezenas de empresas ir\u00e3o expor os mais modernos equipamentos dispon\u00edveis para o mercado de radiodifus\u00e3o. Novos softwares, computadores e tecnologias estar\u00e3o \u00e0 disposi\u00e7\u00e3o dos visitantes.<\/p>\n<p style=\"text-align: justify;\">A ABERT estar\u00e1 presente na Feira com o estande do MobiAbert, aplicativo considerado o maior integrador de r\u00e1dios do Brasil.<\/p>\n<p style=\"text-align: justify;\">As inscri\u00e7\u00f5es seguem abertas e podem ser feitas pelo site:<a href=\"http:\/\/aerp.org.br\/congresso\/inscricao\/\">http:\/\/aerp.org.br\/congresso\/inscricao\/<\/a><\/p>\n<p style=\"text-align: justify;\">Servi\u00e7o:<br \/>\n24\u00ba Congresso Paranaense de Radiodifus\u00e3o<br \/>\nData: 27,28 e 29 de setembro<br \/>\nLocal: Hotel Four Points By Sheraton &#8211; Av.Sete de Setembro, 4211 &#8211; Curitiba (PR).<\/p>\n<p style=\"text-align: justify;\">Fonte: ABERT.<\/p>\n<\/div>\n","protected":false},"excerpt":{"rendered":"<p>Saber como planejar, executar e gerir as redes sociais ser\u00e1&hellip;<\/p>\n<p> <a class=\"more-link\" href=\"https:\/\/sertsc.org.br\/site\/congresso-da-aerp-debate-midias-sociais-como-atrativo-para-novos-consumidores\/\">Leia mais<\/a><\/p>\n","protected":false},"author":1,"featured_media":5548,"comment_status":"closed","ping_status":"open","sticky":false,"template":"","format":"standard","meta":{"footnotes":""},"categories":[3],"tags":[67,50,70,65,51,62,43,52,63,66,64,71,53,54,46,60,47,56,61,58,69,59],"class_list":{"0":"post-5547","1":"post","2":"type-post","3":"status-publish","4":"format-standard","5":"has-post-thumbnail","7":"category-noticias","8":"tag-capacitacao","9":"tag-emissoras-de-radio","10":"tag-emissoras-de-radio-e-tv","11":"tag-emissoras-de-tv","12":"tag-encontro-regional","13":"tag-gestao","14":"tag-mctic","15":"tag-migracao-am-fm","16":"tag-planejamento-estrategico","17":"tag-radio-e-tv","18":"tag-redes-sociais","19":"tag-reforma-trabalhista","20":"tag-representante-patronal","21":"tag-santa-catarina","22":"tag-sc","23":"tag-seminarios","24":"tag-sertsc","25":"tag-sindicato-patronal","26":"tag-televisao","27":"tag-tv","28":"tag-tv-aberta","29":"tag-tv-digital"},"_links":{"self":[{"href":"https:\/\/sertsc.org.br\/site\/wp-json\/wp\/v2\/posts\/5547","targetHints":{"allow":["GET"]}}],"collection":[{"href":"https:\/\/sertsc.org.br\/site\/wp-json\/wp\/v2\/posts"}],"about":[{"href":"https:\/\/sertsc.org.br\/site\/wp-json\/wp\/v2\/types\/post"}],"author":[{"embeddable":true,"href":"https:\/\/sertsc.org.br\/site\/wp-json\/wp\/v2\/users\/1"}],"replies":[{"embeddable":true,"href":"https:\/\/sertsc.org.br\/site\/wp-json\/wp\/v2\/comments?post=5547"}],"version-history":[{"count":0,"href":"https:\/\/sertsc.org.br\/site\/wp-json\/wp\/v2\/posts\/5547\/revisions"}],"wp:featuredmedia":[{"embeddable":true,"href":"https:\/\/sertsc.org.br\/site\/wp-json\/"}],"wp:attachment":[{"href":"https:\/\/sertsc.org.br\/site\/wp-json\/wp\/v2\/media?parent=5547"}],"wp:term":[{"taxonomy":"category","embeddable":true,"href":"https:\/\/sertsc.org.br\/site\/wp-json\/wp\/v2\/categories?post=5547"},{"taxonomy":"post_tag","embeddable":true,"href":"https:\/\/sertsc.org.br\/site\/wp-json\/wp\/v2\/tags?post=5547"}],"curies":[{"name":"wp","href":"https:\/\/api.w.org\/{rel}","templated":true}]}}