{"id":5543,"date":"2017-09-11T08:26:46","date_gmt":"2017-09-11T11:26:46","guid":{"rendered":"http:\/\/www.sertsc.org.br\/site\/?p=5543"},"modified":"2017-09-11T08:26:46","modified_gmt":"2017-09-11T11:26:46","slug":"envie-suas-duvidas-para-o-forum-de-ideias-do-sertsc-2","status":"publish","type":"post","link":"https:\/\/sertsc.org.br\/site\/envie-suas-duvidas-para-o-forum-de-ideias-do-sertsc-2\/","title":{"rendered":"Envie suas d\u00favidas para o F\u00f3rum de Ideias do SERT\/SC"},"content":{"rendered":"<p style=\"text-align: justify; background: white; margin: 6.0pt 0cm 6.0pt 0cm;\"><span style=\"font-family: 'Roboto','serif'; color: black;\">Amigos Radiodifusores da Regi\u00e3o do Vale do Itaja\u00ed! No dia\u00a0\u00a0<strong style=\"box-sizing: inherit;\"><span style=\"font-family: 'Roboto','serif';\">22 de setembro,<\/span><\/strong>\u00a0o Representante Patronal do R\u00e1dio e Televis\u00e3o de Santa Catarina \u2013 SERT\/SC estar\u00e1 em Blumenau, no Plaza Blumenau Hotel, realizando o 4\u00ba Encontro Regional deste ano.<\/span><\/p>\n<p style=\"text-align: justify; background: white; box-sizing: inherit; font-variant-ligatures: normal; font-variant-caps: normal; orphans: 2; widows: 2; -webkit-text-stroke-width: 0px; text-decoration-style: initial; text-decoration-color: initial; word-spacing: 0px; margin: 6.0pt 0cm 6.0pt 0cm;\"><span style=\"font-family: 'Roboto','serif'; color: black;\">Envie suas d\u00favidas para o\u00a0<strong style=\"box-sizing: inherit;\"><span style=\"font-family: 'Roboto','serif';\">\u201cF\u00f3rum de Ideias\u201d,\u00a0<\/span><\/strong>assim poderemos auxili\u00e1-los juridicamente de forma eficaz, estaremos \u00e0 disposi\u00e7\u00e3o para tratar de assuntos relacionados ao F\u00f3rum.<\/span><\/p>\n<p style=\"text-align: justify; background: white; box-sizing: inherit; font-variant-ligatures: normal; font-variant-caps: normal; orphans: 2; widows: 2; -webkit-text-stroke-width: 0px; text-decoration-style: initial; text-decoration-color: initial; word-spacing: 0px; margin: 6.0pt 0cm 6.0pt 0cm;\"><span style=\"font-family: 'Roboto','serif'; color: black;\">A participa\u00e7\u00e3o de todos\u00a0\u00e9 de suma import\u00e2ncia para juntos construirmos a\u00e7\u00f5es que atendam as necessidades apontadas.<\/span><\/p>\n<p style=\"text-align: justify; background: white; box-sizing: inherit; font-variant-ligatures: normal; font-variant-caps: normal; orphans: 2; widows: 2; -webkit-text-stroke-width: 0px; text-decoration-style: initial; text-decoration-color: initial; word-spacing: 0px; margin: 6.0pt 0cm 6.0pt 0cm;\"><strong style=\"box-sizing: inherit;\"><span style=\"font-family: 'Roboto','serif'; color: black;\">A SUA PARTICIPA\u00c7\u00c3O FAZ TODA A DIFEREN\u00c7A!<\/span><\/strong><\/p>\n<p style=\"text-align: center; background: white; box-sizing: inherit; font-variant-ligatures: normal; font-variant-caps: normal; orphans: 2; widows: 2; -webkit-text-stroke-width: 0px; text-decoration-style: initial; text-decoration-color: initial; word-spacing: 0px; margin: 6.0pt 0cm 6.0pt 0cm;\" align=\"center\"><span style=\"box-sizing: inherit;\"><strong style=\"box-sizing: inherit;\"><span style=\"font-family: 'Roboto','serif'; color: red;\">CONFIRA NOSSA PROGRAMA\u00c7\u00c3O:<\/span><\/strong><\/span><\/p>\n<p style=\"text-align: center; background: white; box-sizing: inherit; font-variant-ligatures: normal; font-variant-caps: normal; orphans: 2; widows: 2; -webkit-text-stroke-width: 0px; text-decoration-style: initial; text-decoration-color: initial; word-spacing: 0px; margin: 6.0pt 0cm 6.0pt 0cm;\" align=\"center\"><strong style=\"box-sizing: inherit;\"><span style=\"font-family: 'Roboto','serif'; color: black;\">(Sujeito altera\u00e7\u00e3o)<\/span><\/strong><\/p>\n<p style=\"background: white; box-sizing: inherit; font-variant-ligatures: normal; font-variant-caps: normal; orphans: 2; widows: 2; -webkit-text-stroke-width: 0px; text-decoration-style: initial; text-decoration-color: initial; word-spacing: 0px; margin: 6.0pt 0cm 6.0pt 0cm;\"><span style=\"font-family: 'Roboto','serif'; color: black;\">\u00a0<\/span><\/p>\n<p style=\"background: white; box-sizing: inherit; font-variant-ligatures: normal; font-variant-caps: normal; orphans: 2; widows: 2; -webkit-text-stroke-width: 0px; text-decoration-style: initial; text-decoration-color: initial; word-spacing: 0px; margin: 6.0pt 0cm 6.0pt 0cm;\"><strong style=\"box-sizing: inherit;\"><span style=\"font-family: 'Roboto','serif'; color: black;\">SEXTA-FEIRA \u2013 22\/09 \u2013\u00a0Diretores das emissoras, Gestores e Colaboradores.<\/span><\/strong><\/p>\n<p style=\"background: white; box-sizing: inherit; font-variant-ligatures: normal; font-variant-caps: normal; orphans: 2; widows: 2; -webkit-text-stroke-width: 0px; text-decoration-style: initial; text-decoration-color: initial; word-spacing: 0px; margin: 6.0pt 0cm 6.0pt 0cm;\"><strong style=\"box-sizing: inherit;\"><span style=\"font-family: 'Roboto','serif'; color: black;\">15h30 \u2013\u00a0<\/span><\/strong><span style=\"font-family: 'Roboto','serif'; color: black;\">Abertura do Encontro Regional com a palavra do presidente do SERT\/SC, assessores e convidados, tratando de assuntos relacionados ao sindicato Estadual, da regi\u00e3o do Vale do Itaja\u00ed e do F\u00f3rum de Ideias.<\/span><\/p>\n<p style=\"background: white; box-sizing: inherit; font-variant-ligatures: normal; font-variant-caps: normal; orphans: 2; widows: 2; -webkit-text-stroke-width: 0px; text-decoration-style: initial; text-decoration-color: initial; word-spacing: 0px; margin: 6.0pt 0cm 6.0pt 0cm;\"><strong style=\"box-sizing: inherit;\"><span style=\"font-family: 'Roboto','serif'; color: black;\">16h \u2013<\/span><\/strong><span style=\"font-family: 'Roboto','serif'; color: black;\">\u00a0Palestra \u2013 Consultor Jur\u00eddico Dr. Marcos Ant\u00f4nio Silveira.<br style=\"box-sizing: inherit;\" \/> <strong style=\"box-sizing: inherit;\"><span style=\"font-family: 'Roboto','serif';\">Pauta:<\/span><\/strong>\u00a0 Reforma Trabalhista;<\/span><\/p>\n<p style=\"background: white; box-sizing: inherit; font-variant-ligatures: normal; font-variant-caps: normal; orphans: 2; widows: 2; -webkit-text-stroke-width: 0px; text-decoration-style: initial; text-decoration-color: initial; word-spacing: 0px; margin: 6.0pt 0cm 6.0pt 0cm;\"><strong style=\"box-sizing: inherit;\"><span style=\"font-family: 'Roboto','serif'; color: black;\">17h \u2013 Coffee Break.<\/span><\/strong><\/p>\n<p style=\"background: white; box-sizing: inherit; font-variant-ligatures: normal; font-variant-caps: normal; orphans: 2; widows: 2; -webkit-text-stroke-width: 0px; text-decoration-style: initial; text-decoration-color: initial; word-spacing: 0px; margin: 6.0pt 0cm 6.0pt 0cm;\"><strong style=\"box-sizing: inherit;\"><span style=\"font-family: 'Roboto','serif'; color: black;\">17h15\u00a0\u2013<\/span><\/strong><span style=\"font-family: 'Roboto','serif'; color: black;\">\u00a0Palestra \u2013 Fernando Morgado \u2013 Pesquisador de m\u00eddia e comunica\u00e7\u00e3o, \u00a0j\u00e1 atuou na \u00e1rea de intelig\u00eancia de mercado do Sistema Globo de R\u00e1dio (RJ) e autor do livro\u00a0<span style=\"font-family: 'Roboto','serif';\">Silvio Santos: a trajet\u00f3ria do mito.<\/span><br style=\"box-sizing: inherit;\" \/> <strong style=\"box-sizing: inherit;\"><span style=\"font-family: 'Roboto','serif';\">Pauta:<\/span><\/strong>\u00a0Planejamento Estrat\u00e9gico nas empresas de Radiodifus\u00e3o;<\/span><\/p>\n<p style=\"background: white; box-sizing: inherit; font-variant-ligatures: normal; font-variant-caps: normal; orphans: 2; widows: 2; -webkit-text-stroke-width: 0px; text-decoration-style: initial; text-decoration-color: initial; word-spacing: 0px; margin: 6.0pt 0cm 6.0pt 0cm;\"><strong style=\"box-sizing: inherit;\"><span style=\"font-family: 'Roboto','serif'; color: black;\">19h30<\/span><\/strong><span style=\"font-family: 'Roboto','serif'; color: black;\">\u00a0\u2013\u00a0<strong style=\"box-sizing: inherit;\"><span style=\"font-family: 'Roboto','serif';\">Jantar de Encerramento.<\/span><\/strong><\/span><\/p>\n<p style=\"background: white; box-sizing: inherit; font-variant-ligatures: normal; font-variant-caps: normal; orphans: 2; widows: 2; -webkit-text-stroke-width: 0px; text-decoration-style: initial; text-decoration-color: initial; word-spacing: 0px; margin: 6.0pt 0cm 6.0pt 0cm;\"><span style=\"font-family: 'Roboto','serif'; color: black;\">Para facilitar a nossa organiza\u00e7\u00e3o, solicitamos confirma\u00e7\u00e3o da sua participa\u00e7\u00e3o, por\u00a0<a style=\"box-sizing: inherit; transition: all 0.4s ease;\" href=\"mailto:sert@sertsc.org.br?subject=ENCONTRO%20REGIONAL%20BLUMENAU\"><strong style=\"box-sizing: inherit;\"><span style=\"font-family: 'Roboto','serif'; color: #dd3333;\">e-mail\u00a0<\/span><\/strong><\/a>ou por telefone.<\/span><\/p>\n<p style=\"background: white; box-sizing: inherit; font-variant-ligatures: normal; font-variant-caps: normal; orphans: 2; widows: 2; -webkit-text-stroke-width: 0px; text-decoration-style: initial; text-decoration-color: initial; word-spacing: 0px; margin: 6.0pt 0cm 6.0pt 0cm;\"><strong style=\"box-sizing: inherit;\"><span style=\"font-family: 'Roboto','serif'; color: black;\">Obs: Informamos que as Palestras e Refei\u00e7\u00f5es\u00a0oferecidas durante o Encontro Regional s\u00e3o totalmente gratuitas para as empresas filiadas.<\/span><\/strong><\/p>\n<p style=\"text-align: center; background: white; box-sizing: inherit; font-variant-ligatures: normal; font-variant-caps: normal; orphans: 2; widows: 2; -webkit-text-stroke-width: 0px; text-decoration-style: initial; text-decoration-color: initial; word-spacing: 0px; margin: 6.0pt 0cm 6.0pt 0cm;\" align=\"center\"><span style=\"box-sizing: inherit;\"><strong style=\"box-sizing: inherit;\"><span style=\"font-family: 'Roboto','serif'; color: red;\">Venha descobrir como trabalhar sua marca e como lucrar mais.<\/span><\/strong><\/span><\/p>\n<p style=\"text-align: center; background: white; box-sizing: inherit; font-variant-ligatures: normal; font-variant-caps: normal; orphans: 2; widows: 2; -webkit-text-stroke-width: 0px; text-decoration-style: initial; text-decoration-color: initial; word-spacing: 0px; margin: 6.0pt 0cm 6.0pt 0cm;\" align=\"center\"><strong style=\"box-sizing: inherit;\"><span style=\"font-family: 'Roboto','serif'; color: black;\">Carlos Alberto Ross<\/span><\/strong><\/p>\n<p style=\"text-align: center; background: white; box-sizing: inherit; font-variant-ligatures: normal; font-variant-caps: normal; orphans: 2; widows: 2; -webkit-text-stroke-width: 0px; text-decoration-style: initial; text-decoration-color: initial; word-spacing: 0px; margin: 6.0pt 0cm 6.0pt 0cm;\" align=\"center\"><strong style=\"box-sizing: inherit;\"><span style=\"font-family: 'Roboto','serif'; color: black;\">Presidente do SERT\/SC<\/span><\/strong><\/p>\n","protected":false},"excerpt":{"rendered":"<p>Amigos Radiodifusores da Regi\u00e3o do Vale do Itaja\u00ed! No dia\u00a0\u00a022&hellip;<\/p>\n<p> <a class=\"more-link\" href=\"https:\/\/sertsc.org.br\/site\/envie-suas-duvidas-para-o-forum-de-ideias-do-sertsc-2\/\">Leia mais<\/a><\/p>\n","protected":false},"author":1,"featured_media":4835,"comment_status":"closed","ping_status":"open","sticky":false,"template":"","format":"standard","meta":{"footnotes":""},"categories":[33],"tags":[67,50,70,65,51,62,43,52,63,66,64,71,53,54,46,60,47,56,61,58,69,59],"class_list":{"0":"post-5543","1":"post","2":"type-post","3":"status-publish","4":"format-standard","5":"has-post-thumbnail","7":"category-destaques","8":"tag-capacitacao","9":"tag-emissoras-de-radio","10":"tag-emissoras-de-radio-e-tv","11":"tag-emissoras-de-tv","12":"tag-encontro-regional","13":"tag-gestao","14":"tag-mctic","15":"tag-migracao-am-fm","16":"tag-planejamento-estrategico","17":"tag-radio-e-tv","18":"tag-redes-sociais","19":"tag-reforma-trabalhista","20":"tag-representante-patronal","21":"tag-santa-catarina","22":"tag-sc","23":"tag-seminarios","24":"tag-sertsc","25":"tag-sindicato-patronal","26":"tag-televisao","27":"tag-tv","28":"tag-tv-aberta","29":"tag-tv-digital"},"_links":{"self":[{"href":"https:\/\/sertsc.org.br\/site\/wp-json\/wp\/v2\/posts\/5543","targetHints":{"allow":["GET"]}}],"collection":[{"href":"https:\/\/sertsc.org.br\/site\/wp-json\/wp\/v2\/posts"}],"about":[{"href":"https:\/\/sertsc.org.br\/site\/wp-json\/wp\/v2\/types\/post"}],"author":[{"embeddable":true,"href":"https:\/\/sertsc.org.br\/site\/wp-json\/wp\/v2\/users\/1"}],"replies":[{"embeddable":true,"href":"https:\/\/sertsc.org.br\/site\/wp-json\/wp\/v2\/comments?post=5543"}],"version-history":[{"count":0,"href":"https:\/\/sertsc.org.br\/site\/wp-json\/wp\/v2\/posts\/5543\/revisions"}],"wp:featuredmedia":[{"embeddable":true,"href":"https:\/\/sertsc.org.br\/site\/wp-json\/"}],"wp:attachment":[{"href":"https:\/\/sertsc.org.br\/site\/wp-json\/wp\/v2\/media?parent=5543"}],"wp:term":[{"taxonomy":"category","embeddable":true,"href":"https:\/\/sertsc.org.br\/site\/wp-json\/wp\/v2\/categories?post=5543"},{"taxonomy":"post_tag","embeddable":true,"href":"https:\/\/sertsc.org.br\/site\/wp-json\/wp\/v2\/tags?post=5543"}],"curies":[{"name":"wp","href":"https:\/\/api.w.org\/{rel}","templated":true}]}}