{"id":5535,"date":"2017-09-06T09:43:50","date_gmt":"2017-09-06T12:43:50","guid":{"rendered":"http:\/\/www.sertsc.org.br\/site\/?p=5535"},"modified":"2017-09-06T09:43:50","modified_gmt":"2017-09-06T12:43:50","slug":"o-radio-no-telefone-celular","status":"publish","type":"post","link":"https:\/\/sertsc.org.br\/site\/o-radio-no-telefone-celular\/","title":{"rendered":"O r\u00e1dio no telefone celular"},"content":{"rendered":"<p class=\"western\" style=\"text-align: justify;\">Apesar do surgimento de novas alternativas de lazer e comunica\u00e7\u00e3o, o r\u00e1dio continua como o meio de difus\u00e3o de massa mais r\u00e1pido e abrangente, a verdadeira reserva estrat\u00e9gica nacional. A pol\u00edtica de distribui\u00e7\u00e3o dos canais adotada no Brasil far\u00e1 desaparecer o tradicional r\u00e1dio de AM, mas fortalecer\u00e1 o de FM. A maioria dos aparelhos hoje dispon\u00edveis no mercado n\u00e3o traz mais a faixa de AM; em compensa\u00e7\u00e3o, o FM hoje est\u00e1 presente em 97% dos telefones celulares produzidos no mundo. No Brasil, no entanto, mesmo com o recurso dentro do aparelho, apenas 34% deles saem de f\u00e1brica habilitados para sintonizar o r\u00e1dio diretamente e sem custo de pacote de internet. As entidades representativas do r\u00e1dio se movimentam para exigir que todos os aparelhos tragam a sintonia aberta e h\u00e1, em tramita\u00e7\u00e3o na C\u00e2mara, projeto de autoria do deputado Sandro Alex (PSD-PR), que pretende tornar a medida obrigat\u00f3ria.<\/p>\n<p class=\"western\" style=\"text-align: justify;\">A ideia \u00e9, al\u00e9m da raz\u00e3o puramente econ\u00f4mica \u2013 pois habilitar o chip de r\u00e1dio n\u00e3o tem custo adicional \u2013 disponibilizar o r\u00e1dio gratuitamente a todos os usu\u00e1rios de celulares, levando em considera\u00e7\u00e3o que a radiodifus\u00e3o \u00e9 um servi\u00e7o de utilidade p\u00fablica. Com a sintonia aberta, o dono do aparelho n\u00e3o precisa ter cr\u00e9dito e nem mesmo conta telef\u00f4nica ativa para poder ouvir as emissoras de r\u00e1dio de sua regi\u00e3o. No M\u00e9xico j\u00e1 est\u00e1 em vigor lei semelhante \u00e0 que se pretende implantar aqui e nos Estados Unidos h\u00e1 movimento no mesmo sentido. A medida conta com o apoio da Uni\u00e3o Internacional de Telecomunica\u00e7\u00f5es (UIT)<\/p>\n<div class=\"mobile-hide-ito\" style=\"text-align: justify;\"><\/div>\n<div class=\"mobile-ito\" style=\"text-align: justify;\">\u00a0A maioria dos telefones que hoje trazem o r\u00e1dio habilitado \u00e9 da faixa de menor pre\u00e7o e sem internet. O movimento pretende que todos saiam de f\u00e1brica com o recurso ativo pois o recurso via internet, al\u00e9m de ter custo, depende da disponibilidade e intensidade do sinal, o que n\u00e3o ocorre com as transmiss\u00f5es \u201cno ar\u201d. Segundo dados da Ag\u00eancia Nacional de Telecomuni\u00e7\u00f5es (Anatel), temos hoje no Brasil 242,1 milh\u00f5es de aparelhos celulares, o que equivale a 1,16 aparelho por habitante. Com o r\u00e1dio habilitado, eles prestar\u00e3o o servi\u00e7o que durante anos foi executado pelos r\u00e1dios port\u00e1teis, de pilha. E com a vantagem de o usu\u00e1rio n\u00e3o ter o desconforto de portar algo mais, pois o celular j\u00e1 est\u00e1 no seu bolso.<\/div>\n<div class=\"mobile-ito\" style=\"text-align: justify;\"><\/div>\n<div class=\"mobile-ito\" style=\"text-align: justify;\">Fonte: <a href=\"http:\/\/odiariodemogi.com.br\/o-radio-no-telefone-celular\/\" target=\"_blank\" rel=\"noopener noreferrer\">O Di\u00e1rio de Mogi.\u00a0<\/a><\/div>\n","protected":false},"excerpt":{"rendered":"<p>Apesar do surgimento de novas alternativas de lazer e comunica\u00e7\u00e3o,&hellip;<\/p>\n<p> <a class=\"more-link\" href=\"https:\/\/sertsc.org.br\/site\/o-radio-no-telefone-celular\/\">Leia mais<\/a><\/p>\n","protected":false},"author":1,"featured_media":5458,"comment_status":"closed","ping_status":"open","sticky":false,"template":"","format":"standard","meta":{"footnotes":""},"categories":[36],"tags":[67,50,70,65,51,62,43,52,63,66,64,71,53,54,46,60,47,56,61,58,69,59],"class_list":{"0":"post-5535","1":"post","2":"type-post","3":"status-publish","4":"format-standard","5":"has-post-thumbnail","7":"category-artigos","8":"tag-capacitacao","9":"tag-emissoras-de-radio","10":"tag-emissoras-de-radio-e-tv","11":"tag-emissoras-de-tv","12":"tag-encontro-regional","13":"tag-gestao","14":"tag-mctic","15":"tag-migracao-am-fm","16":"tag-planejamento-estrategico","17":"tag-radio-e-tv","18":"tag-redes-sociais","19":"tag-reforma-trabalhista","20":"tag-representante-patronal","21":"tag-santa-catarina","22":"tag-sc","23":"tag-seminarios","24":"tag-sertsc","25":"tag-sindicato-patronal","26":"tag-televisao","27":"tag-tv","28":"tag-tv-aberta","29":"tag-tv-digital"},"_links":{"self":[{"href":"https:\/\/sertsc.org.br\/site\/wp-json\/wp\/v2\/posts\/5535","targetHints":{"allow":["GET"]}}],"collection":[{"href":"https:\/\/sertsc.org.br\/site\/wp-json\/wp\/v2\/posts"}],"about":[{"href":"https:\/\/sertsc.org.br\/site\/wp-json\/wp\/v2\/types\/post"}],"author":[{"embeddable":true,"href":"https:\/\/sertsc.org.br\/site\/wp-json\/wp\/v2\/users\/1"}],"replies":[{"embeddable":true,"href":"https:\/\/sertsc.org.br\/site\/wp-json\/wp\/v2\/comments?post=5535"}],"version-history":[{"count":0,"href":"https:\/\/sertsc.org.br\/site\/wp-json\/wp\/v2\/posts\/5535\/revisions"}],"wp:featuredmedia":[{"embeddable":true,"href":"https:\/\/sertsc.org.br\/site\/wp-json\/"}],"wp:attachment":[{"href":"https:\/\/sertsc.org.br\/site\/wp-json\/wp\/v2\/media?parent=5535"}],"wp:term":[{"taxonomy":"category","embeddable":true,"href":"https:\/\/sertsc.org.br\/site\/wp-json\/wp\/v2\/categories?post=5535"},{"taxonomy":"post_tag","embeddable":true,"href":"https:\/\/sertsc.org.br\/site\/wp-json\/wp\/v2\/tags?post=5535"}],"curies":[{"name":"wp","href":"https:\/\/api.w.org\/{rel}","templated":true}]}}