{"id":5532,"date":"2017-09-06T08:19:56","date_gmt":"2017-09-06T11:19:56","guid":{"rendered":"http:\/\/www.sertsc.org.br\/site\/?p=5532"},"modified":"2017-09-06T08:19:56","modified_gmt":"2017-09-06T11:19:56","slug":"fala-nortenordeste-reune-radiodifusores-de-todo-o-pais","status":"publish","type":"post","link":"https:\/\/sertsc.org.br\/site\/fala-nortenordeste-reune-radiodifusores-de-todo-o-pais\/","title":{"rendered":"Fala Norte\/Nordeste re\u00fane radiodifusores de todo o pa\u00eds"},"content":{"rendered":"<div class=\"itemIntroText\">\n<p class=\"p1\" style=\"text-align: justify;\"><span class=\"s1\">O governador do Cear\u00e1, Camilo Santana, e o ministro da Ci\u00eancia, Tecnologia, Inova\u00e7\u00f5es e Comunica\u00e7\u00f5es, Gilberto Kassab, al\u00e9m de radiodifusores e empres\u00e1rios de r\u00e1dio e televis\u00e3o de todo o pa\u00eds, participaram da solenidade de abertura do congresso Fala Norte\/Nordeste 2017, na segunda-feira (4), em Fortaleza (CE). Durante o evento, promovido pela Associa\u00e7\u00e3o Cearense de Emissoras de R\u00e1dio e Televis\u00e3o (ACERT), onze r\u00e1dios assinaram o termo aditivo de adapta\u00e7\u00e3o de outorga do AM para FM.<\/span><\/p>\n<\/div>\n<div class=\"itemFullText\">\n<p class=\"p1\" style=\"text-align: justify;\"><span class=\"s1\">Kassab ressaltou a import\u00e2ncia do mutir\u00e3o realizado pelo MCTIC, que leva aos estados a oportunidade de as r\u00e1dios fazerem a migra\u00e7\u00e3o do AM para o FM. Para o ministro, o governo deixar\u00e1 como legado a moderniza\u00e7\u00e3o do setor de radiodifus\u00e3o. \u00a0<\/span><\/p>\n<p class=\"p1\" style=\"text-align: justify;\"><span class=\"s1\">Em discurso, Camilo Santana falou sobre os investimentos e negocia\u00e7\u00f5es para fomentar o desenvolvimento do Estado e agradeceu a parceria das r\u00e1dios pela transmiss\u00e3o de entrevista semanal \u00e0 popula\u00e7\u00e3o cearense.<\/span><\/p>\n<p class=\"p2\" style=\"text-align: justify;\"><span class=\"s1\">J\u00e1 a presidente da ACERT, Carmen L\u00facia Dummar Azulai, ressaltou a import\u00e2ncia do congresso como um f\u00f3rum de debates dos principais temas relacionados \u00e0 radiodifus\u00e3o. \u00a0\u201cPrecisamos pensar a radiodifus\u00e3o de ponta a ponta, incluindo a entrega ao p\u00fablico do nosso produto. Objetivamente, precisamos definir a quest\u00e3o da recep\u00e7\u00e3o do FM no celular. Daqui a pouco teremos outras tecnologias, como as caixas inteligentes, para tamb\u00e9m inserir as emissoras. N\u00e3o podemos perder mais tempo, temos que chegar juntos com as novas tecnologias. Ainda mais quando a migra\u00e7\u00e3o precisa que a faixa estendida tamb\u00e9m tenha sua fatia de audi\u00eancia\u201d, disse ela.<\/span><\/p>\n<p class=\"p2\" style=\"text-align: justify;\"><span class=\"s1\">Ainda durante a abertura, foi lan\u00e7ado o Guia ACERT de r\u00e1dio e TV, com as principais informa\u00e7\u00f5es sobre os dois meios de comunica\u00e7\u00e3o.\u00a0<\/span><\/p>\n<p class=\"p4\" style=\"text-align: justify;\"><span class=\"s1\"><strong>Not\u00edcias falsas em debate<\/strong><\/span><\/p>\n<p class=\"p4\" style=\"text-align: justify;\"><span class=\"s1\">O painel Fake News &#8211; A Era da P\u00f3s-verdade abriu a tarde de palestras do primeiro dia do Fala Norte\/Nordeste, na ter\u00e7a-feira (5).\u00a0Para\u00a0o presidente da ABERT, Paulo Tonet Camargo, um dos participantes, a popula\u00e7\u00e3o vive um problema mundial de dissemina\u00e7\u00e3o de not\u00edcias falsas.<\/span><\/p>\n<p class=\"p4\" style=\"text-align: justify;\"><span class=\"s1\">&#8220;S\u00f3 tem um rem\u00e9dio para a not\u00edcia falsa: jornalismo na veia. O que diferencia a informa\u00e7\u00e3o de qualidade da fofoca na rede \u00e9 a certifica\u00e7\u00e3o do jornalismo profissional&#8221;, defendeu Tonet.\u00a0<\/span><\/p>\n<p class=\"p4\" style=\"text-align: justify;\"><span class=\"s1\">Outro ponto destacado pelo presidente da ABERT \u00e9 a forma seletiva como a informa\u00e7\u00e3o \u00e9 transmitida nas redes sociais, o que tira a capacidade de as pessoas conviverem com a cr\u00edtica e a diversidade de ideias.\u00a0<\/span><\/p>\n<p class=\"p4\" style=\"text-align: justify;\"><span class=\"s1\">&#8220;As pessoas nas redes n\u00e3o querem informa\u00e7\u00e3o, elas querem enxergar a sua pr\u00f3pria verdade. A rede social muitas vezes \u00e9 uma arquibancada: &#8216;vou dar likes para quem pensa como eu&#8217;. E \u00e9 a\u00ed que eu recebo apenas informa\u00e7\u00f5es do meu interesse. Nesse momento, a gente se esquece de algo fundamental da democracia, que \u00e9 a diversidade de ideias&#8221;, disse o presidente.\u00a0<\/span><\/p>\n<p class=\"p4\" style=\"text-align: justify;\"><span class=\"s1\">Ao ser questionado sobre quem \u00e9 o culpado por essa realidade, Tonet afirmou:\u00a0<\/span><\/p>\n<p class=\"p4\" style=\"text-align: justify;\"><span class=\"s1\">&#8220;A culpa disso tudo \u00e9 de todos n\u00f3s. De quem usa as redes visando seu pr\u00f3prio interesse e dos ve\u00edculos de comunica\u00e7\u00e3o,\u00a0que foram atropelados por essa avalanche tecnol\u00f3gica e n\u00e3o souberam reagir. Uma coisa sabemos: a nossa credibilidade e responsabilidade t\u00eam valor. E o nosso desafio empresarial \u00e9 saber como monetizar esse valor. Se n\u00f3s n\u00e3o aprendermos a monetizar, vamos deixar o campo aberto para quem usa a informa\u00e7\u00e3o com prop\u00f3sitos que n\u00e3o sejam o de simplesmente informar&#8221;, concluiu.\u00a0<\/span><\/p>\n<p class=\"p4\" style=\"text-align: justify;\"><span class=\"s1\">A presidente do Instituto para o Desenvolvimento do Jornalismo,\u00a0Angela Pimenta, apresentou o Projeto Credibilidade. Este ano, 14 ve\u00edculos e institui\u00e7\u00f5es participam do projeto que, entre as iniciativas de combate \u00e0s not\u00edcias falsas, incentiva a utiliza\u00e7\u00e3o do s\u00edmbolo &#8220;C&#8221; &#8211; de credibilidade &#8211; em conte\u00fados publicados na internet para mostrar ao leitor que aquele conte\u00fado \u00e9 confi\u00e1vel e atende aos crit\u00e9rios de confiabilidade.<\/span><\/p>\n<p class=\"p4\" style=\"text-align: justify;\"><span class=\"s1\">&#8220;Os jornalistas podem trabalhar para combater as not\u00edcias falsas seguindo os oito atributos da credibilidade: checagem das informa\u00e7\u00f5es, assinar quem \u00e9 o autor, utilizar cita\u00e7\u00f5es e refer\u00eancias, etiquetar o conte\u00fado, publicar reportagens originais, divulgar locais, buscar diversidade de vozes e abrir espa\u00e7o para feedback, destacou Pimenta.<\/span><\/p>\n<p class=\"p4\" style=\"text-align: justify;\"><span class=\"s1\">Manoel Fernandes, s\u00f3cio propriet\u00e1rio da Bites, empresa que analisa dados de natureza digital, apresentou n\u00fameros que comprovam a urg\u00eancia de discutir sobre as not\u00edcias falsas: apenas nos \u00faltimos 12 meses, foram publicados no mundo todo 32 milh\u00f5es de tweets, 526 mil not\u00edcias e 2,4 mil v\u00eddeos no Youtube utilizando &#8220;fake news&#8221; como tema principal.<\/span><\/p>\n<p class=\"p4\" style=\"text-align: justify;\"><span class=\"s1\">&#8220;N\u00f3s temos condi\u00e7\u00f5es de combater as fake news se n\u00f3s nos apropriarmos da tecnologia&#8221;, afirmou Fernandes.<\/span><\/p>\n<p class=\"p4\" style=\"text-align: justify;\"><span class=\"s1\"><strong>MCTIC e Anatel &#8211; novidades da radiodifus\u00e3o<\/strong><\/span><\/p>\n<p class=\"p4\" style=\"text-align: justify;\"><span class=\"s1\">O segundo painel do dia 5 falou sobre as a\u00e7\u00f5es do Minist\u00e9rio da Ci\u00eancia, Tecnologia, Inova\u00e7\u00f5es e Comunica\u00e7\u00f5es (MCTIC) e da Anatel que facilitaram a vida dos radiodifusores. Entre as novidades, est\u00e1 o andamento da migra\u00e7\u00e3o do r\u00e1dio no Brasil, o sistema Mosaico e a desburocratiza\u00e7\u00e3o do setor.<\/span><\/p>\n<p class=\"p4\" style=\"text-align: justify;\"><span class=\"s1\">&#8220;As altera\u00e7\u00f5es no decreto 52.795\/1963 trouxeram grandes melhorias para os radiodifusores, mas a maior delas foi na renova\u00e7\u00e3o e transfer\u00eancia de outorga. Esse ponto trouxe mais seguran\u00e7a jur\u00eddica para o radiodifusor e agilidade na tramita\u00e7\u00e3o dos processos&#8221;, ressaltou o diretor de Assuntos Legais da ABERT, Cristiano Lobato Flores.<\/span><\/p>\n<p class=\"p4\" style=\"text-align: justify;\"><span class=\"s1\">O diretor de R\u00e1dio da ABERT, Andr\u00e9 Cintra, tamb\u00e9m participou do painel e explicou as dificuldades do radiodifusor ao utilizar o sistema Mosaico.<\/span><\/p>\n<p class=\"p4\" style=\"text-align: justify;\"><span class=\"s1\">&#8220;O Minist\u00e9rio e a Anatel precisam entender que n\u00f3s radiodifusores temos dificuldades, assim como n\u00f3s radiodifusores precisamos compreender e ter paci\u00eancia com os esfor\u00e7os do MCTIC e da Anatel. Abra\u00e7ar o sistema Mosaico \u00e9 um grande ganho para as emissoras&#8221;, afirmou Cintra.<\/span><\/p>\n<p class=\"p4\" style=\"text-align: justify;\"><span class=\"s1\">Tamb\u00e9m participaram do painel a diretora de radiodifus\u00e3o do MCTIC, Inez Joffily Fran\u00e7a, e Wilson Diniz Wellinsch, assessor da Superintend\u00eancia de Outorga e Recursos \u00e0 Presta\u00e7\u00e3o da Anatel.<\/span><\/p>\n<p class=\"p4\" style=\"text-align: justify;\">Fonte: ABERT.<\/p>\n<\/div>\n","protected":false},"excerpt":{"rendered":"<p>O governador do Cear\u00e1, Camilo Santana, e o ministro da&hellip;<\/p>\n<p> <a class=\"more-link\" href=\"https:\/\/sertsc.org.br\/site\/fala-nortenordeste-reune-radiodifusores-de-todo-o-pais\/\">Leia mais<\/a><\/p>\n","protected":false},"author":1,"featured_media":5533,"comment_status":"closed","ping_status":"open","sticky":false,"template":"","format":"standard","meta":{"footnotes":""},"categories":[3],"tags":[67,50,70,65,51,62,43,52,63,66,64,71,53,54,46,60,47,56,61,58,69,59],"class_list":{"0":"post-5532","1":"post","2":"type-post","3":"status-publish","4":"format-standard","5":"has-post-thumbnail","7":"category-noticias","8":"tag-capacitacao","9":"tag-emissoras-de-radio","10":"tag-emissoras-de-radio-e-tv","11":"tag-emissoras-de-tv","12":"tag-encontro-regional","13":"tag-gestao","14":"tag-mctic","15":"tag-migracao-am-fm","16":"tag-planejamento-estrategico","17":"tag-radio-e-tv","18":"tag-redes-sociais","19":"tag-reforma-trabalhista","20":"tag-representante-patronal","21":"tag-santa-catarina","22":"tag-sc","23":"tag-seminarios","24":"tag-sertsc","25":"tag-sindicato-patronal","26":"tag-televisao","27":"tag-tv","28":"tag-tv-aberta","29":"tag-tv-digital"},"_links":{"self":[{"href":"https:\/\/sertsc.org.br\/site\/wp-json\/wp\/v2\/posts\/5532","targetHints":{"allow":["GET"]}}],"collection":[{"href":"https:\/\/sertsc.org.br\/site\/wp-json\/wp\/v2\/posts"}],"about":[{"href":"https:\/\/sertsc.org.br\/site\/wp-json\/wp\/v2\/types\/post"}],"author":[{"embeddable":true,"href":"https:\/\/sertsc.org.br\/site\/wp-json\/wp\/v2\/users\/1"}],"replies":[{"embeddable":true,"href":"https:\/\/sertsc.org.br\/site\/wp-json\/wp\/v2\/comments?post=5532"}],"version-history":[{"count":0,"href":"https:\/\/sertsc.org.br\/site\/wp-json\/wp\/v2\/posts\/5532\/revisions"}],"wp:featuredmedia":[{"embeddable":true,"href":"https:\/\/sertsc.org.br\/site\/wp-json\/"}],"wp:attachment":[{"href":"https:\/\/sertsc.org.br\/site\/wp-json\/wp\/v2\/media?parent=5532"}],"wp:term":[{"taxonomy":"category","embeddable":true,"href":"https:\/\/sertsc.org.br\/site\/wp-json\/wp\/v2\/categories?post=5532"},{"taxonomy":"post_tag","embeddable":true,"href":"https:\/\/sertsc.org.br\/site\/wp-json\/wp\/v2\/tags?post=5532"}],"curies":[{"name":"wp","href":"https:\/\/api.w.org\/{rel}","templated":true}]}}