{"id":5523,"date":"2017-09-04T11:26:24","date_gmt":"2017-09-04T14:26:24","guid":{"rendered":"http:\/\/www.sertsc.org.br\/site\/?p=5523"},"modified":"2017-09-04T11:26:24","modified_gmt":"2017-09-04T14:26:24","slug":"sertsc-comemora-semana-do-radio-em-blumenau","status":"publish","type":"post","link":"https:\/\/sertsc.org.br\/site\/sertsc-comemora-semana-do-radio-em-blumenau\/","title":{"rendered":"SERT\/SC VAI COMEMORAR SEMANA DO R\u00c1DIO EM BLUMENAU"},"content":{"rendered":"<p style=\"text-align: justify;\"><strong>Amigos radiodifusores da regi\u00e3o do Vale do Itaja\u00ed, venham comemorar os 95 anos do R\u00e1dio no Brasil<\/strong><strong>.<\/strong><\/p>\n<p style=\"text-align: justify;\">Dizem que o sucesso dos neg\u00f3cios depende da nossa capacidade de manter parcerias. \u00c9 com esse pensamento, que o Representante Patronal do R\u00e1dio e Televis\u00e3o de Santa Catarina \u2013\u00a0<strong>SERT\/SC<\/strong>\u00a0visa fortalecer a coletividade, objetivos e uni\u00e3o, em parceria com o N\u00facleo de R\u00e1dio da\u00a0<strong>ACIB<\/strong>\u00a0para comemorar a Semana do R\u00e1dio, com as emissoras da regi\u00e3o. O 4\u00ba Encontro Regional ser\u00e1 realizado nas depend\u00eancias do Plaza Blumenau Hotel, no dia 22 de setembro.<\/p>\n<p style=\"text-align: center;\"><strong>O SERT\/SC se orgulha muito em ser parte viva da hist\u00f3ria do R\u00e1dio!<\/strong><\/p>\n<p>&nbsp;<\/p>\n<p><strong>\u00a0<\/strong><\/p>\n<p style=\"text-align: center;\"><span style=\"color: #ff0000;\"><strong>CONFIRA NOSSA PROGRAMA\u00c7\u00c3O:<\/strong><\/span><\/p>\n<p style=\"text-align: center;\"><strong>(Sujeito altera\u00e7\u00e3o)<\/strong><\/p>\n<p>&nbsp;<\/p>\n<p><strong>SEXTA-FEIRA \u2013 22\/09 \u2013\u00a0Diretores das emissoras, Gestores e Colaboradores.<\/strong><\/p>\n<p><strong>15h30 \u2013\u00a0<\/strong>Abertura do Encontro Regional com a palavra do presidente do SERT\/SC, assessores e convidados, tratando de assuntos relacionados ao sindicato Estadual, da regi\u00e3o do Vale do Itaja\u00ed e do F\u00f3rum de Ideias.<\/p>\n<p><strong>16h \u2013<\/strong>\u00a0Palestra \u2013 Consultor Jur\u00eddico Dr. Marcos Ant\u00f4nio Silveira.<br \/>\n<strong>Pauta:<\/strong>\u00a0 Reforma Trabalhista;<\/p>\n<p><strong>17h \u2013 Coffee Break.<\/strong><\/p>\n<p><strong>17h15\u00a0\u2013<\/strong>\u00a0Palestra \u2013 Fernando Morgado \u2013 Pesquisador de m\u00eddia e comunica\u00e7\u00e3o, \u00a0j\u00e1 atuou na \u00e1rea de intelig\u00eancia de mercado do Sistema Globo de R\u00e1dio (RJ) e autor do livro Silvio Santos: a trajet\u00f3ria do mito.<br \/>\n<strong>Pauta:<\/strong>\u00a0Planejamento Estrat\u00e9gico nas empresas de Radiodifus\u00e3o;<\/p>\n<p><strong>19h30<\/strong>\u00a0\u2013\u00a0<strong>Jantar de Encerramento.<\/strong><\/p>\n<p>Para facilitar a nossa organiza\u00e7\u00e3o, solicitamos confirma\u00e7\u00e3o da sua participa\u00e7\u00e3o, por\u00a0<a href=\"mailto:sert@sertsc.org.br?subject=ENCONTRO%20REGIONAL%20BLUMENAU\"><strong>e-mail<\/strong><strong>\u00a0<\/strong><\/a>ou por telefone.<\/p>\n<p><strong>Obs: Informamos que as Palestras e Refei\u00e7\u00f5es\u00a0oferecidas durante o Encontro Regional s\u00e3o totalmente gratuitas para as empresas filiadas.<\/strong><\/p>\n<p style=\"text-align: center;\"><span style=\"color: #ff0000;\"><strong>Venha descobrir como trabalhar sua marca e como lucrar mais.<\/strong><\/span><\/p>\n<p style=\"text-align: center;\"><strong>Carlos Alberto Ross<\/strong><\/p>\n<p style=\"text-align: center;\"><strong>Presidente do SERT\/SC<\/strong><\/p>\n","protected":false},"excerpt":{"rendered":"<p>Amigos radiodifusores da regi\u00e3o do Vale do Itaja\u00ed, venham comemorar&hellip;<\/p>\n<p> <a class=\"more-link\" href=\"https:\/\/sertsc.org.br\/site\/sertsc-comemora-semana-do-radio-em-blumenau\/\">Leia mais<\/a><\/p>\n","protected":false},"author":1,"featured_media":5503,"comment_status":"closed","ping_status":"open","sticky":false,"template":"","format":"standard","meta":{"footnotes":""},"categories":[33],"tags":[67,50,70,65,51,62,43,52,63,66,64,71,53,54,46,60,47,56,61,58,69,59],"class_list":{"0":"post-5523","1":"post","2":"type-post","3":"status-publish","4":"format-standard","5":"has-post-thumbnail","7":"category-destaques","8":"tag-capacitacao","9":"tag-emissoras-de-radio","10":"tag-emissoras-de-radio-e-tv","11":"tag-emissoras-de-tv","12":"tag-encontro-regional","13":"tag-gestao","14":"tag-mctic","15":"tag-migracao-am-fm","16":"tag-planejamento-estrategico","17":"tag-radio-e-tv","18":"tag-redes-sociais","19":"tag-reforma-trabalhista","20":"tag-representante-patronal","21":"tag-santa-catarina","22":"tag-sc","23":"tag-seminarios","24":"tag-sertsc","25":"tag-sindicato-patronal","26":"tag-televisao","27":"tag-tv","28":"tag-tv-aberta","29":"tag-tv-digital"},"_links":{"self":[{"href":"https:\/\/sertsc.org.br\/site\/wp-json\/wp\/v2\/posts\/5523","targetHints":{"allow":["GET"]}}],"collection":[{"href":"https:\/\/sertsc.org.br\/site\/wp-json\/wp\/v2\/posts"}],"about":[{"href":"https:\/\/sertsc.org.br\/site\/wp-json\/wp\/v2\/types\/post"}],"author":[{"embeddable":true,"href":"https:\/\/sertsc.org.br\/site\/wp-json\/wp\/v2\/users\/1"}],"replies":[{"embeddable":true,"href":"https:\/\/sertsc.org.br\/site\/wp-json\/wp\/v2\/comments?post=5523"}],"version-history":[{"count":0,"href":"https:\/\/sertsc.org.br\/site\/wp-json\/wp\/v2\/posts\/5523\/revisions"}],"wp:featuredmedia":[{"embeddable":true,"href":"https:\/\/sertsc.org.br\/site\/wp-json\/"}],"wp:attachment":[{"href":"https:\/\/sertsc.org.br\/site\/wp-json\/wp\/v2\/media?parent=5523"}],"wp:term":[{"taxonomy":"category","embeddable":true,"href":"https:\/\/sertsc.org.br\/site\/wp-json\/wp\/v2\/categories?post=5523"},{"taxonomy":"post_tag","embeddable":true,"href":"https:\/\/sertsc.org.br\/site\/wp-json\/wp\/v2\/tags?post=5523"}],"curies":[{"name":"wp","href":"https:\/\/api.w.org\/{rel}","templated":true}]}}