{"id":5517,"date":"2017-09-01T15:06:14","date_gmt":"2017-09-01T18:06:14","guid":{"rendered":"http:\/\/www.sertsc.org.br\/site\/?p=5517"},"modified":"2017-09-01T15:06:14","modified_gmt":"2017-09-01T18:06:14","slug":"anatel-promove-tv-digital-junto-populacao-baiana","status":"publish","type":"post","link":"https:\/\/sertsc.org.br\/site\/anatel-promove-tv-digital-junto-populacao-baiana\/","title":{"rendered":"Anatel promove a TV Digital junto \u00e0 popula\u00e7\u00e3o baiana"},"content":{"rendered":"<div class=\"item-page\">\n<p style=\"text-align: justify;\">O presidente do Grupo de Implanta\u00e7\u00e3o do Processo de Redistribui\u00e7\u00e3o e Digitaliza\u00e7\u00e3o de Canais de TV e RTV (Gired) e da Ag\u00eancia Nacional de Telecomunica\u00e7\u00f5es (Anatel), Juarez Quadros, enfatizou a import\u00e2ncia de estimular as pessoas que t\u00eam direito aos kits gratuitos dos programas sociais a retirar os aparelhos e realizar a instala\u00e7\u00e3o em entrevista coletiva realizada, nesta quarta-feira (30.8), na sede da ag\u00eancia reguladora em Salvador (BA). O sinal anal\u00f3gico da TV aberta na regi\u00e3o metropolitana de Salvador deve ser desligado em menos de um m\u00eas, no dia 27 de setembro.<\/p>\n<p style=\"text-align: justify;\">Para o presidente da Anatel, h\u00e1 consenso para a entrada da TV aberta unicamente digital. O telespectador quer a melhor recep\u00e7\u00e3o de sons e de imagens e as emissoras querem reduzir as despesas, disse. Atualmente as transmiss\u00f5es em Salvador s\u00e3o anal\u00f3gicas e digitais, o que obriga os radiodifusores a manterem os equipamentos antigos em funcionamento, com consequente aumento de custo para distribuir a programa\u00e7\u00e3o. O presidente da Entidade Administradora do Processo de Redistribui\u00e7\u00e3o e Digitaliza\u00e7\u00e3o de Canais de TV e RTV (EAD, tamb\u00e9m conhecida como Seja Digital), Ant\u00f4nio Martelleto, explicou que o estabelecimento do cronograma de implanta\u00e7\u00e3o da TV Digital no pa\u00eds levou em considera\u00e7\u00e3o a capacidade de substitui\u00e7\u00e3o dos equipamentos de gera\u00e7\u00e3o e transmiss\u00e3o de sinais pelos radiodifusores.<\/p>\n<p style=\"text-align: justify;\">Juarez Quadros tamb\u00e9m explicou que o desligamento do sinal anal\u00f3gico da TV aberta permite a libera\u00e7\u00e3o da faixa de 700 MHz para banda larga, com maior velocidade de conex\u00e3o e melhor qualidade de recep\u00e7\u00e3o de sinal em ambientes fechados para o usu\u00e1rio da telefonia m\u00f3vel. Ele lembrou que o trabalho de prepara\u00e7\u00e3o para as transmiss\u00f5es unicamente digitais na TV aberta \u00e9 acompanhado pelo IBOPE, que faz as medi\u00e7\u00f5es da presen\u00e7a dos receptores digitais nos domic\u00edlios. O percentual m\u00ednimo para atingir as condi\u00e7\u00f5es de desligamento do sinal anal\u00f3gico \u00e9 de 90% de acesso \u00e0 TV Digital Aberta, considerando uma margem de erro de tr\u00eas pontos percentuais para cima ou para baixo, de acordo com o determinado pelo Minist\u00e9rio da Ci\u00eancia, Tecnologia, Inova\u00e7\u00f5es e Comunica\u00e7\u00f5es.<\/p>\n<p style=\"text-align: justify;\"><strong>Distribui\u00e7\u00e3o de Kits da TV Digital<\/strong><\/p>\n<p style=\"text-align: justify;\">O presidente da Anatel\u00a0participou da distribui\u00e7\u00e3o dos kits gratuitos da TV Digital para os benefici\u00e1rios dos programas sociais do Governo Federal no Ponto de Distribui\u00e7\u00e3o de Kits da Seja Digital no Bairro de Pituba, regi\u00e3o sul da capital baiana. Devem ser distribu\u00eddos 538 mil kits (antena, conversor e um controle remoto) na regi\u00e3o metropolitana de Salvador. At\u00e9 o momento, foram distribu\u00eddos 80% dos aparelhos.<\/p>\n<p style=\"text-align: justify;\">Juarez Quadros\u00a0entregou o kit n\u00famero 430 mil \u00e0 cabelereira Ivonete de Souza. \u201cAprendi direitinho a fazer a instala\u00e7\u00e3o\u201d, disse Ivonete. Ela tamb\u00e9m elogiou o atendimento no Ponto de Distribui\u00e7\u00e3o. O presidente da Anatel entregou outra unidade \u00e0 Fernanda Lais de Oliveira, que aprendeu a montagem e instala\u00e7\u00e3o do kit da TV digital ao ter acompanhado a instala\u00e7\u00e3o do de sua m\u00e3e. O presidente da Anatel explicou a montagem dos kits aos interessados.<\/p>\n<p style=\"text-align: justify;\">O interessado em adquirir gratuitamente o kit deve ligar para o 147, a liga\u00e7\u00e3o \u00e9 gratuita, e agendar a retirada. Segundo Ant\u00f4nio Martelleto, a Seja Digital tamb\u00e9m tem divulgado o desligamento do sinal anal\u00f3gico da TV aberta \u00e0s escolas da regi\u00e3o metropolitanas da capital baiana.<\/p>\n<p style=\"text-align: justify;\">Fonte: Anatel.<\/p>\n<\/div>\n","protected":false},"excerpt":{"rendered":"<p>O presidente do Grupo de Implanta\u00e7\u00e3o do Processo de Redistribui\u00e7\u00e3o&hellip;<\/p>\n<p> <a class=\"more-link\" href=\"https:\/\/sertsc.org.br\/site\/anatel-promove-tv-digital-junto-populacao-baiana\/\">Leia mais<\/a><\/p>\n","protected":false},"author":1,"featured_media":5518,"comment_status":"closed","ping_status":"open","sticky":false,"template":"","format":"standard","meta":{"footnotes":""},"categories":[3],"tags":[67,50,70,65,51,62,43,52,63,66,64,71,53,54,46,60,47,56,61,58,69,59],"class_list":{"0":"post-5517","1":"post","2":"type-post","3":"status-publish","4":"format-standard","5":"has-post-thumbnail","7":"category-noticias","8":"tag-capacitacao","9":"tag-emissoras-de-radio","10":"tag-emissoras-de-radio-e-tv","11":"tag-emissoras-de-tv","12":"tag-encontro-regional","13":"tag-gestao","14":"tag-mctic","15":"tag-migracao-am-fm","16":"tag-planejamento-estrategico","17":"tag-radio-e-tv","18":"tag-redes-sociais","19":"tag-reforma-trabalhista","20":"tag-representante-patronal","21":"tag-santa-catarina","22":"tag-sc","23":"tag-seminarios","24":"tag-sertsc","25":"tag-sindicato-patronal","26":"tag-televisao","27":"tag-tv","28":"tag-tv-aberta","29":"tag-tv-digital"},"_links":{"self":[{"href":"https:\/\/sertsc.org.br\/site\/wp-json\/wp\/v2\/posts\/5517","targetHints":{"allow":["GET"]}}],"collection":[{"href":"https:\/\/sertsc.org.br\/site\/wp-json\/wp\/v2\/posts"}],"about":[{"href":"https:\/\/sertsc.org.br\/site\/wp-json\/wp\/v2\/types\/post"}],"author":[{"embeddable":true,"href":"https:\/\/sertsc.org.br\/site\/wp-json\/wp\/v2\/users\/1"}],"replies":[{"embeddable":true,"href":"https:\/\/sertsc.org.br\/site\/wp-json\/wp\/v2\/comments?post=5517"}],"version-history":[{"count":0,"href":"https:\/\/sertsc.org.br\/site\/wp-json\/wp\/v2\/posts\/5517\/revisions"}],"wp:featuredmedia":[{"embeddable":true,"href":"https:\/\/sertsc.org.br\/site\/wp-json\/"}],"wp:attachment":[{"href":"https:\/\/sertsc.org.br\/site\/wp-json\/wp\/v2\/media?parent=5517"}],"wp:term":[{"taxonomy":"category","embeddable":true,"href":"https:\/\/sertsc.org.br\/site\/wp-json\/wp\/v2\/categories?post=5517"},{"taxonomy":"post_tag","embeddable":true,"href":"https:\/\/sertsc.org.br\/site\/wp-json\/wp\/v2\/tags?post=5517"}],"curies":[{"name":"wp","href":"https:\/\/api.w.org\/{rel}","templated":true}]}}