{"id":5276,"date":"2017-08-03T11:19:46","date_gmt":"2017-08-03T14:19:46","guid":{"rendered":"http:\/\/www.sertsc.org.br\/site\/?p=5276"},"modified":"2017-08-03T11:19:46","modified_gmt":"2017-08-03T14:19:46","slug":"sertsc-promove-palestras-em-chapeco","status":"publish","type":"post","link":"https:\/\/sertsc.org.br\/site\/sertsc-promove-palestras-em-chapeco\/","title":{"rendered":"SERT\/SC PROMOVE PALESTRAS EM CHAPEC\u00d3"},"content":{"rendered":"<p style=\"text-align: justify;\">Amigos radiodifusores da regi\u00e3o Oeste! O Representante Patronal do R\u00e1dio e Televis\u00e3o de Santa Catarina \u2013<strong>\u00a0SERT\/SC<\/strong>\u00a0est\u00e1 realizando ao longo deste ano, ciclos de palestras, sendo que o 3\u00aa Encontro Regional ser\u00e1\u00a0<strong>no dia 25 de agosto no Hotel Lang Palace, em Chapec\u00f3.<\/strong><\/p>\n<p style=\"text-align: justify;\">O objetivo dessas palestras ser\u00e1 o de munir as filiadas de informa\u00e7\u00f5es e ferramentas de trabalho que lhes sejam \u00fateis na gest\u00e3o de suas emissoras.<\/p>\n<p style=\"text-align: justify;\">Ao contr\u00e1rio da maioria dos palestrantes existentes no pa\u00eds,\u00a0<strong>Fernando Morgado<\/strong>\u00a0\u00e9 reconhecido por ser especialista em radiodifus\u00e3o, ministrando diversos semin\u00e1rios t\u00e9cnicos para empres\u00e1rios do setor.<\/p>\n<p style=\"text-align: justify;\"><strong>Curr\u00edculo resumido:<\/strong> Fernando Morgado \u00e9 professor da FACHA e professor convidado de institui\u00e7\u00f5es como Universidad Aut\u00f3noma Metropolitana do M\u00e9xico, ESPM e PUC-Rio. Autor do livro biogr\u00e1fico\u00a0Silvio Santos: a trajet\u00f3ria do mito\u00a0(Matrix, 2017). T\u00eam outros seis livros como autor, coautor e colaborador. Foi consultor da Federa\u00e7\u00e3o Nacional das Empresas de R\u00e1dio e Televis\u00e3o (FENAERT). Atuou na \u00e1rea de intelig\u00eancia de mercado do Sistema Globo de R\u00e1dio e foi comentarista da R\u00e1dio MEC. Mestre em Gest\u00e3o da Economia Criativa, p\u00f3s-graduado em Gest\u00e3o Empresarial e Marketing e graduado em Design com Habilita\u00e7\u00e3o em Comunica\u00e7\u00e3o Visual e \u00canfase em Marketing pela ESPM.<\/p>\n<p><strong>Temas abordados:\u00a0Contexto das mudan\u00e7as no setor de radiodifus\u00e3o; Especificidade e benef\u00edcios; Cultura corporativa: a import\u00e2ncia para o r\u00e1dio; Planejamento estrat\u00e9gico e cultura corporativa voltadas para resultados; Estrat\u00e9gia para ampliar as vendas de sua emissoras e casos de sucesso em r\u00e1dio.<\/strong><\/p>\n<p style=\"text-align: center;\"><span style=\"color: #ff0000;\"><strong>CONFIRA NOSSA PROGRAMA\u00c7\u00c3O:<\/strong><strong><br \/>\n<span style=\"color: #000000;\">\u00a0 (Sujeito altera\u00e7\u00e3o)<\/span><\/strong><\/span><\/p>\n<p>&nbsp;<\/p>\n<p><strong>SEXTA-FEIRA \u2013 25\/08 \u2013\u00a0Diretores das emissoras, Gestores e Colaboradores.<\/strong><\/p>\n<p><strong>15h30 \u2013 Caf\u00e9 de Boas Vindas.<\/strong><\/p>\n<p><strong>16h \u2013<\/strong>\u00a0Abertura do Encontro Regional com a palavra do presidente do SERT\/SC, assessores e convidados, tratando de assuntos relacionados ao sindicato Estadual, da Regi\u00e3o Oeste e do F\u00f3rum de Ideias.<\/p>\n<p><strong>16h30 \u2013<\/strong>\u00a0Palestra \u2013 Consultor Jur\u00eddico Dr. Marcos Ant\u00f4nio Silveira.<br \/>\n<strong>Pauta:<\/strong>\u00a0Redes Sociais na Radiodifus\u00e3o e Reforma Trabalhista;<br \/>\n<strong>17h30\u00a0\u2013<\/strong>\u00a0Palestra \u2013 Fernando Morgado \u2013 Pesquisador de m\u00eddia e comunica\u00e7\u00e3o com atua\u00e7\u00e3o na \u00e1rea de intelig\u00eancia de mercado do Sistema Globo de R\u00e1dio (RJ).<br \/>\n<strong>Pauta:<\/strong>\u00a0Planejamento Estrat\u00e9gico nas empresas de Radiodifus\u00e3o;<\/p>\n<p><strong>19h30<\/strong>\u00a0\u2013 Informes da 6\u00aa Regi\u00e3o e ap\u00f3s\u00a0<strong>Jantar de Encerramento.<\/strong><\/p>\n<p>Para facilitar a nossa organiza\u00e7\u00e3o, solicitamos confirma\u00e7\u00e3o da sua participa\u00e7\u00e3o, por\u00a0<a href=\"mailto:sert@sertsc.org.br?subject=Encontro%20Regional%20em%20Crici%C3%BAma\"><strong><span style=\"color: #ff0000;\">e-mail<\/span>\u00a0<\/strong><\/a>ou por telefone.<\/p>\n<p><strong>Obs: Informamos que as <u>Palestras e Refei\u00e7\u00f5es<\/u>\u00a0oferecidas durante o Encontro Regional s\u00e3o totalmente gratuitas para as empresas filiadas.<\/strong><\/p>\n<p style=\"text-align: center;\"><span style=\"color: #ff0000;\">\u00a0<strong>Venha descobrir como trabalhar sua marca e como lucrar mais.<\/strong><\/span><\/p>\n<p style=\"text-align: center;\"><strong>Carlos Alberto Ross<\/strong><\/p>\n<p style=\"text-align: center;\"><strong>Presidente do SERT\/SC<\/strong><\/p>\n<p><strong>\u00a0<\/strong><\/p>\n","protected":false},"excerpt":{"rendered":"<p>Amigos radiodifusores da regi\u00e3o Oeste! O Representante Patronal do R\u00e1dio&hellip;<\/p>\n<p> <a class=\"more-link\" href=\"https:\/\/sertsc.org.br\/site\/sertsc-promove-palestras-em-chapeco\/\">Leia mais<\/a><\/p>\n","protected":false},"author":1,"featured_media":5281,"comment_status":"closed","ping_status":"open","sticky":false,"template":"","format":"standard","meta":{"footnotes":""},"categories":[33],"tags":[],"class_list":{"0":"post-5276","1":"post","2":"type-post","3":"status-publish","4":"format-standard","5":"has-post-thumbnail","7":"category-destaques"},"_links":{"self":[{"href":"https:\/\/sertsc.org.br\/site\/wp-json\/wp\/v2\/posts\/5276","targetHints":{"allow":["GET"]}}],"collection":[{"href":"https:\/\/sertsc.org.br\/site\/wp-json\/wp\/v2\/posts"}],"about":[{"href":"https:\/\/sertsc.org.br\/site\/wp-json\/wp\/v2\/types\/post"}],"author":[{"embeddable":true,"href":"https:\/\/sertsc.org.br\/site\/wp-json\/wp\/v2\/users\/1"}],"replies":[{"embeddable":true,"href":"https:\/\/sertsc.org.br\/site\/wp-json\/wp\/v2\/comments?post=5276"}],"version-history":[{"count":0,"href":"https:\/\/sertsc.org.br\/site\/wp-json\/wp\/v2\/posts\/5276\/revisions"}],"wp:featuredmedia":[{"embeddable":true,"href":"https:\/\/sertsc.org.br\/site\/wp-json\/"}],"wp:attachment":[{"href":"https:\/\/sertsc.org.br\/site\/wp-json\/wp\/v2\/media?parent=5276"}],"wp:term":[{"taxonomy":"category","embeddable":true,"href":"https:\/\/sertsc.org.br\/site\/wp-json\/wp\/v2\/categories?post=5276"},{"taxonomy":"post_tag","embeddable":true,"href":"https:\/\/sertsc.org.br\/site\/wp-json\/wp\/v2\/tags?post=5276"}],"curies":[{"name":"wp","href":"https:\/\/api.w.org\/{rel}","templated":true}]}}