{"id":5271,"date":"2017-08-03T09:27:36","date_gmt":"2017-08-03T12:27:36","guid":{"rendered":"http:\/\/www.sertsc.org.br\/site\/?p=5271"},"modified":"2017-08-03T09:27:36","modified_gmt":"2017-08-03T12:27:36","slug":"parecer-da-pgr-reforca-acao-proposta-pela-abert","status":"publish","type":"post","link":"https:\/\/sertsc.org.br\/site\/parecer-da-pgr-reforca-acao-proposta-pela-abert\/","title":{"rendered":"Parecer da PGR refor\u00e7a a\u00e7\u00e3o proposta pela ABERT"},"content":{"rendered":"<div class=\"itemIntroText\">\n<p style=\"text-align: justify;\">A Procuradoria-Geral da Rep\u00fablica (PGR) apresentou parecer ratificando o entendimento da ABERT na a\u00e7\u00e3o direta de inconstitucionalidade (ADIN), que tramita no Supremo Tribunal Federal (STF), proposta contra a Lei n\u00ba 16.751\/2015, do Estado de Santa Catarina, que pro\u00edbe a propaganda de medicamentos e similares nos meios de comunica\u00e7\u00e3o catarinenses.<\/p>\n<\/div>\n<div class=\"itemFullText\">\n<p style=\"text-align: justify;\">De acordo com a PGR, a norma \u00e9 inconstitucional, pois retira a compet\u00eancia da Uni\u00e3o de legislar sobre o tema.<\/p>\n<p style=\"text-align: justify;\">A ADIN ser\u00e1 encaminhada ao relator, ministro Dias Toffoli, para produ\u00e7\u00e3o de voto.<\/p>\n<p style=\"text-align: justify;\">Fonte: ABERT.<\/p>\n<\/div>\n","protected":false},"excerpt":{"rendered":"<p>A Procuradoria-Geral da Rep\u00fablica (PGR) apresentou parecer ratificando o entendimento&hellip;<\/p>\n<p> <a class=\"more-link\" href=\"https:\/\/sertsc.org.br\/site\/parecer-da-pgr-reforca-acao-proposta-pela-abert\/\">Leia mais<\/a><\/p>\n","protected":false},"author":1,"featured_media":5272,"comment_status":"closed","ping_status":"open","sticky":false,"template":"","format":"standard","meta":{"footnotes":""},"categories":[3],"tags":[],"class_list":{"0":"post-5271","1":"post","2":"type-post","3":"status-publish","4":"format-standard","5":"has-post-thumbnail","7":"category-noticias"},"_links":{"self":[{"href":"https:\/\/sertsc.org.br\/site\/wp-json\/wp\/v2\/posts\/5271","targetHints":{"allow":["GET"]}}],"collection":[{"href":"https:\/\/sertsc.org.br\/site\/wp-json\/wp\/v2\/posts"}],"about":[{"href":"https:\/\/sertsc.org.br\/site\/wp-json\/wp\/v2\/types\/post"}],"author":[{"embeddable":true,"href":"https:\/\/sertsc.org.br\/site\/wp-json\/wp\/v2\/users\/1"}],"replies":[{"embeddable":true,"href":"https:\/\/sertsc.org.br\/site\/wp-json\/wp\/v2\/comments?post=5271"}],"version-history":[{"count":0,"href":"https:\/\/sertsc.org.br\/site\/wp-json\/wp\/v2\/posts\/5271\/revisions"}],"wp:featuredmedia":[{"embeddable":true,"href":"https:\/\/sertsc.org.br\/site\/wp-json\/"}],"wp:attachment":[{"href":"https:\/\/sertsc.org.br\/site\/wp-json\/wp\/v2\/media?parent=5271"}],"wp:term":[{"taxonomy":"category","embeddable":true,"href":"https:\/\/sertsc.org.br\/site\/wp-json\/wp\/v2\/categories?post=5271"},{"taxonomy":"post_tag","embeddable":true,"href":"https:\/\/sertsc.org.br\/site\/wp-json\/wp\/v2\/tags?post=5271"}],"curies":[{"name":"wp","href":"https:\/\/api.w.org\/{rel}","templated":true}]}}