{"id":5264,"date":"2017-08-02T15:58:15","date_gmt":"2017-08-02T18:58:15","guid":{"rendered":"http:\/\/www.sertsc.org.br\/site\/?p=5264"},"modified":"2017-08-02T15:58:15","modified_gmt":"2017-08-02T18:58:15","slug":"status-da-migracao-santa-catarina-ganha-duas-novas-fms-em-agosto","status":"publish","type":"post","link":"https:\/\/sertsc.org.br\/site\/status-da-migracao-santa-catarina-ganha-duas-novas-fms-em-agosto\/","title":{"rendered":"STATUS da MIGRA\u00c7\u00c3O: Santa Catarina ganha duas novas FMs em agosto"},"content":{"rendered":"<p style=\"text-align: justify;\">Outras 20 emissoras aguardam autoriza\u00e7\u00f5es e equipamentos para mudar de frequ\u00eancia<\/p>\n<p style=\"text-align: justify;\">Santa Catarina ganha duas novas FM\u2019s no m\u00eas de agosto, todas emissoras que nasceram no AM e conclu\u00edram o processo de migra\u00e7\u00e3o. S\u00e3o elas: a r\u00e1dio Belos FM, de Seara, emissora que ocupou a frequ\u00eancia AM por 25 anos e que passa a ser sintonizada no dial 92,1 FM desde o dia 01\/08, e a r\u00e1dio Centro Oeste FM, de Pinhalzinho, emissora que estreou no AM h\u00e1 38 anos e passa a ocupar a frequ\u00eancia 100,9 FM a partir do dia 11\/08. Veja na tabela* abaixo a rela\u00e7\u00e3o completa das emissoras que j\u00e1 migraram.<\/p>\n<p style=\"text-align: justify;\">Outras 20 emissoras catarinenses ainda est\u00e3o em processo de migra\u00e7\u00e3o, ou seja, realizando a compra de equipamentos, elaborando os projetos t\u00e9cnicos e solicitando as devidas autoriza\u00e7\u00f5es da ANATEL. Confira a rela\u00e7\u00e3o das emissoras em processo de migra\u00e7\u00e3o na tabela** abaixo.<\/p>\n<p style=\"text-align: justify;\">Mais de 50 R\u00e1dios precisar\u00e3o aguardar o desligamento da TV anal\u00f3gica \u2013 e a libera\u00e7\u00e3o dos canais 5 e 6 (de 76 FM a 87 FM) \u2013 para poder migrar no FM estendido.<\/p>\n<p style=\"text-align: justify;\">Em Florian\u00f3polis, Blumenau e Joinville o desligamento da TV anal\u00f3gica j\u00e1 tem data definida; na capital a previs\u00e3o \u00e9 31 de janeiro de 2018.<\/p>\n<p style=\"text-align: justify;\">Confira abaixo o \u201cstatus\u201d da migra\u00e7\u00e3o:<\/p>\n<p style=\"text-align: justify;\"><a href=\"http:\/\/www.sertsc.org.br\/site\/wp-content\/uploads\/2017\/08\/tabela-1.jpg\"><img fetchpriority=\"high\" decoding=\"async\" class=\"aligncenter wp-image-5265 size-full\" src=\"http:\/\/www.sertsc.org.br\/site\/wp-content\/uploads\/2017\/08\/tabela-1.jpg\" alt=\"tabela 1\" width=\"680\" height=\"451\" \/><\/a><\/p>\n<p>19 R\u00e1dios AM j\u00e1 est\u00e3o operando em FM*<\/p>\n<p style=\"text-align: left;\"><a href=\"http:\/\/www.sertsc.org.br\/site\/wp-content\/uploads\/2017\/08\/tabela2.jpg\"><img decoding=\"async\" class=\"aligncenter wp-image-5266 size-full\" src=\"http:\/\/www.sertsc.org.br\/site\/wp-content\/uploads\/2017\/08\/tabela2.jpg\" alt=\"tabela2\" width=\"680\" height=\"472\" \/><\/a><\/p>\n<p style=\"text-align: left;\">Fonte: Acaert.<\/p>\n","protected":false},"excerpt":{"rendered":"<p>Outras 20 emissoras aguardam autoriza\u00e7\u00f5es e equipamentos para mudar de&hellip;<\/p>\n<p> <a class=\"more-link\" href=\"https:\/\/sertsc.org.br\/site\/status-da-migracao-santa-catarina-ganha-duas-novas-fms-em-agosto\/\">Leia mais<\/a><\/p>\n","protected":false},"author":1,"featured_media":5267,"comment_status":"closed","ping_status":"open","sticky":false,"template":"","format":"standard","meta":{"footnotes":""},"categories":[3],"tags":[],"class_list":{"0":"post-5264","1":"post","2":"type-post","3":"status-publish","4":"format-standard","5":"has-post-thumbnail","7":"category-noticias"},"_links":{"self":[{"href":"https:\/\/sertsc.org.br\/site\/wp-json\/wp\/v2\/posts\/5264","targetHints":{"allow":["GET"]}}],"collection":[{"href":"https:\/\/sertsc.org.br\/site\/wp-json\/wp\/v2\/posts"}],"about":[{"href":"https:\/\/sertsc.org.br\/site\/wp-json\/wp\/v2\/types\/post"}],"author":[{"embeddable":true,"href":"https:\/\/sertsc.org.br\/site\/wp-json\/wp\/v2\/users\/1"}],"replies":[{"embeddable":true,"href":"https:\/\/sertsc.org.br\/site\/wp-json\/wp\/v2\/comments?post=5264"}],"version-history":[{"count":0,"href":"https:\/\/sertsc.org.br\/site\/wp-json\/wp\/v2\/posts\/5264\/revisions"}],"wp:featuredmedia":[{"embeddable":true,"href":"https:\/\/sertsc.org.br\/site\/wp-json\/"}],"wp:attachment":[{"href":"https:\/\/sertsc.org.br\/site\/wp-json\/wp\/v2\/media?parent=5264"}],"wp:term":[{"taxonomy":"category","embeddable":true,"href":"https:\/\/sertsc.org.br\/site\/wp-json\/wp\/v2\/categories?post=5264"},{"taxonomy":"post_tag","embeddable":true,"href":"https:\/\/sertsc.org.br\/site\/wp-json\/wp\/v2\/tags?post=5264"}],"curies":[{"name":"wp","href":"https:\/\/api.w.org\/{rel}","templated":true}]}}