{"id":5257,"date":"2017-08-02T10:55:26","date_gmt":"2017-08-02T13:55:26","guid":{"rendered":"http:\/\/www.sertsc.org.br\/site\/?p=5257"},"modified":"2017-08-02T10:55:26","modified_gmt":"2017-08-02T13:55:26","slug":"exposicao-interativa-sobre-a-historia-da-tv-brasileira-chega-a-fortaleza-com-apoio-da-abratel","status":"publish","type":"post","link":"https:\/\/sertsc.org.br\/site\/exposicao-interativa-sobre-a-historia-da-tv-brasileira-chega-a-fortaleza-com-apoio-da-abratel\/","title":{"rendered":"Exposi\u00e7\u00e3o interativa sobre a hist\u00f3ria da TV brasileira chega a Fortaleza com apoio da Abratel"},"content":{"rendered":"<p style=\"text-align: justify;\">A Seja Digital, entidade n\u00e3o governamental respons\u00e1vel pelo processo de migra\u00e7\u00e3o do sinal de TV no Brasil, inaugurou no s\u00e1bado (29\/07), a \u201cVila Digital\u201d, que tem o apoio da Associa\u00e7\u00e3o Brasileira de R\u00e1dio e Televis\u00e3o (Abratel). No espa\u00e7o, localizado no Centro Cultural Banco do Nordeste, em Fortaleza, os visitantes viajam no tempo, desde o in\u00edcio da TV brasileira, com transmiss\u00f5es em preto e branco, at\u00e9 os dias de hoje, com a qualidade de som e imagem da TV digital. Al\u00e9m da exposi\u00e7\u00e3o, que acontece de 29\/07 a 02\/09, a Vila Digital tamb\u00e9m conta com um ambiente interativo que oferece atividades, experi\u00eancias e jogos para todas as idades. Em apenas uma hora de funcionamento, a Vila Digital recebeu mais de 100 visitantes.<\/p>\n<p style=\"text-align: justify;\">A iniciativa, com curadoria da PR\u00d3-TV, faz parte do trabalho desenvolvido pela Seja Digital para informar e conscientizar a popula\u00e7\u00e3o da regi\u00e3o sobre o desligamento do sinal anal\u00f3gico de TV, que ocorre no dia 27 de setembro em Fortaleza e em outras 14 cidades em seu entorno. Ap\u00f3s essa data, o sinal digital ser\u00e1 a \u00fanica forma de assistir \u00e0 programa\u00e7\u00e3o da TV aberta nessas localidades.<\/p>\n<p style=\"text-align: justify;\">Logo na entrada da exposi\u00e7\u00e3o, aparelhos de televis\u00e3o antigos remontam cada uma das d\u00e9cadas desde a primeira transmiss\u00e3o televisiva no Brasil. Ali, \u00e9 poss\u00edvel assistir aos comerciais dos anos 50, aos musicais e audit\u00f3rios dos anos 60, aos programas de humor dos anos 70, aos cl\u00e1ssicos infantis dos anos 80, aos flashes esportivos dos anos 90 e \u00e0s cenas da dramaturgia dos anos 2000.<\/p>\n<p style=\"text-align: justify;\">\u00a0Entre as atividades interativas, caracter\u00edsticas da era da TV digital, a exposi\u00e7\u00e3o oferece um espa\u00e7o para tirar fotos com montagens digitais de artistas e simular a apresenta\u00e7\u00e3o de um programa no est\u00fadio de TV. Quem tiver coragem, pode se arriscar no \u201cVoc\u00ea \u00e9 o show\u201d. Diante de uma c\u00e2mera, o visitante se torna cantor de reality show para os amigos. \u00c9 s\u00f3 sacar o smartphone e compartilhar nas redes sociais o que estiver vendo e vivendo.<\/p>\n<p style=\"text-align: justify;\"><strong><em>Vila Digital:<\/em><\/strong><br \/>\n<strong>Local:<\/strong>\u00a0Centro Cultural Banco do Nordeste<br \/>\n<strong>Data:<\/strong>\u00a0De 29\/07 a 02\/09. Ter\u00e7a a s\u00e1bado das 10h \u00e0s 19h<br \/>\n<strong>Endere\u00e7o:<\/strong>\u00a0Rua Conde D\u2019Eu, 560 Centro \u2013 Fortaleza<br \/>\n<strong>Entrada franca<\/strong><\/p>\n<p style=\"text-align: justify;\">Fonte: Abratel.<\/p>\n\n","protected":false},"excerpt":{"rendered":"<p>A Seja Digital, entidade n\u00e3o governamental respons\u00e1vel pelo processo de&hellip;<\/p>\n<p> <a class=\"more-link\" href=\"https:\/\/sertsc.org.br\/site\/exposicao-interativa-sobre-a-historia-da-tv-brasileira-chega-a-fortaleza-com-apoio-da-abratel\/\">Leia mais<\/a><\/p>\n","protected":false},"author":1,"featured_media":5258,"comment_status":"closed","ping_status":"open","sticky":false,"template":"","format":"standard","meta":{"footnotes":""},"categories":[3],"tags":[],"class_list":{"0":"post-5257","1":"post","2":"type-post","3":"status-publish","4":"format-standard","5":"has-post-thumbnail","7":"category-noticias"},"_links":{"self":[{"href":"https:\/\/sertsc.org.br\/site\/wp-json\/wp\/v2\/posts\/5257","targetHints":{"allow":["GET"]}}],"collection":[{"href":"https:\/\/sertsc.org.br\/site\/wp-json\/wp\/v2\/posts"}],"about":[{"href":"https:\/\/sertsc.org.br\/site\/wp-json\/wp\/v2\/types\/post"}],"author":[{"embeddable":true,"href":"https:\/\/sertsc.org.br\/site\/wp-json\/wp\/v2\/users\/1"}],"replies":[{"embeddable":true,"href":"https:\/\/sertsc.org.br\/site\/wp-json\/wp\/v2\/comments?post=5257"}],"version-history":[{"count":0,"href":"https:\/\/sertsc.org.br\/site\/wp-json\/wp\/v2\/posts\/5257\/revisions"}],"wp:featuredmedia":[{"embeddable":true,"href":"https:\/\/sertsc.org.br\/site\/wp-json\/"}],"wp:attachment":[{"href":"https:\/\/sertsc.org.br\/site\/wp-json\/wp\/v2\/media?parent=5257"}],"wp:term":[{"taxonomy":"category","embeddable":true,"href":"https:\/\/sertsc.org.br\/site\/wp-json\/wp\/v2\/categories?post=5257"},{"taxonomy":"post_tag","embeddable":true,"href":"https:\/\/sertsc.org.br\/site\/wp-json\/wp\/v2\/tags?post=5257"}],"curies":[{"name":"wp","href":"https:\/\/api.w.org\/{rel}","templated":true}]}}