{"id":5250,"date":"2017-08-01T10:14:18","date_gmt":"2017-08-01T13:14:18","guid":{"rendered":"http:\/\/www.sertsc.org.br\/site\/?p=5250"},"modified":"2017-08-01T10:14:18","modified_gmt":"2017-08-01T13:14:18","slug":"kits-de-conversao-digital-comecam-a-ser-distribuidos-no-rj","status":"publish","type":"post","link":"https:\/\/sertsc.org.br\/site\/kits-de-conversao-digital-comecam-a-ser-distribuidos-no-rj\/","title":{"rendered":"Kits de convers\u00e3o digital come\u00e7am a ser distribu\u00eddos no RJ"},"content":{"rendered":"<p style=\"text-align: justify;\">Cerca de 4 milh\u00f5es de domic\u00edlios na capital fluminense e em mais 18 cidades, que incluem Petr\u00f3polis e a regi\u00e3o metropolitana do Rio de Janeiro, ter\u00e3o o sinal anal\u00f3gico de televis\u00e3o desligado no dia 25 de outubro, anunciou a Seja Digital, entidade n\u00e3o governamental respons\u00e1vel por operacionalizar a migra\u00e7\u00e3o do sinal anal\u00f3gico para digital da televis\u00e3o aberta no Brasil. Isso significa que a partir dessa data, todos os canais abertos de TV passar\u00e3o a transmitir a programa\u00e7\u00e3o exclusivamente pelo sinal digital.<\/p>\n<p style=\"text-align: justify;\">O presidente da entidade n\u00e3o governamental, Ant\u00f4nio Carlos Martelletto, disse \u00e0\u00a0Ag\u00eancia Brasil\u00a0que desde 2008, no Rio de Janeiro, j\u00e1 existe transmiss\u00e3o simult\u00e2nea do sinal anal\u00f3gico e digital, \u201cpara que houvesse um per\u00edodo de transi\u00e7\u00e3o e as fam\u00edlias fossem se adaptando. Esse per\u00edodo de transi\u00e7\u00e3o termina agora em 25 de outubro e a transmiss\u00e3o simult\u00e2nea deixa de existir, s\u00f3 ficando a transmiss\u00e3o no sinal digital\u201d.<\/p>\n<p style=\"text-align: justify;\">Martelletto informou que essas 19 cidades fluminenses constituem a segunda regi\u00e3o mais populosa a ter o sinal desligado. A primeira foi S\u00e3o Paulo, em mar\u00e7o deste ano, totalizando 7 milh\u00f5es de domic\u00edlios. Acrescentou que fora da regi\u00e3o metropolitana do Rio de Janeiro e Petr\u00f3polis, o restante do estado ter\u00e1 o sinal anal\u00f3gico desligado em novembro de 2018.<\/p>\n<p style=\"text-align: justify;\">O programa de distribui\u00e7\u00e3o de\u00a0<em>kits<\/em>\u00a0gratuitos para a regi\u00e3o do Rio de Janeiro j\u00e1 foi iniciado. Segundo o presidente da Seja Digital, as pessoas j\u00e1 podem entrar no\u00a0<a href=\"http:\/\/sejadigital.com.br\/kit\" target=\"_blank\" rel=\"noopener noreferrer\"><em>site<\/em><\/a>\u00a0da entidade n\u00e3o governamental para agendar a retirada dos<em>\u00a0kits<\/em>, ou por meio do telefone 147 com liga\u00e7\u00e3o gratuita.<\/p>\n<p style=\"text-align: justify;\"><strong>Elegibilidade<\/strong><\/p>\n<p style=\"text-align: justify;\">\u201cPara verificarem se t\u00eam direito, se s\u00e3o eleg\u00edveis para receber esse\u00a0<em>kit<\/em>, as pessoas t\u00eam que estar de posse do N\u00famero de Identifica\u00e7\u00e3o Social (NIS). Com o NIS ou o n\u00famero de Programa de Integra\u00e7\u00e3o Social (PIS), voc\u00ea consegue identificar se sua fam\u00edlia \u00e9 eleg\u00edvel para retirar um dos\u00a0<em>kits<\/em>\u201d. Os\u00a0<em>kits<\/em>\u00a0gratuitos poder\u00e3o ser retirados at\u00e9 outubro. O presidente da Seja Digital salientou que quanto mais cedo as pessoas fizerem o agendamento, melhor, \u201cporque elas passam a usufruir mais cedo do servi\u00e7o digital.\u201d<\/p>\n<p style=\"text-align: justify;\">Para as pessoas que n\u00e3o estiverem inscritas em programas sociais do governo, a primeira recomenda\u00e7\u00e3o \u00e9 que devem verificar se j\u00e1 t\u00eam recep\u00e7\u00e3o digital ou n\u00e3o. \u201cA gente imagina que cerca de 70% a 80% das fam\u00edlias da regi\u00e3o metropolitana j\u00e1 estejam assistindo TV digital. Se voc\u00ea tem uma televis\u00e3o de tubo, necessariamente voc\u00ea precisar\u00e1 de um conversor para receber o sinal digital\u201d.<\/p>\n<p style=\"text-align: justify;\">Nas televis\u00f5es de tela plana, as pessoas t\u00eam que observar se os aparelhos foram fabricados a partir de 2010, porque esses j\u00e1 t\u00eam conversor embutido. Antes de 2010, \u00e9 preciso verificar no manual se os aparelhos t\u00eam o conversor embutido ou n\u00e3o. \u201cAs fam\u00edlias que recebem sinal por televis\u00e3o por assinatura ou parab\u00f3lica n\u00e3o precisam se preocupar porque n\u00e3o s\u00e3o afetadas pelo desligamento do sinal anal\u00f3gico. \u00c9 o sinal terrestre que est\u00e1 sendo desligado; n\u00e3o \u00e9 o sinal por sat\u00e9lite\u201d, esclareceu Martelletto.<\/p>\n<p style=\"text-align: justify;\">Na regi\u00e3o metropolitana do Rio de Janeiro e em Petr\u00f3polis, ser\u00e3o distribu\u00eddos 1,2 milh\u00e3o de\u00a0<em>kits<\/em>at\u00e9 outubro, para atender as fam\u00edlias que participam de programas sociais do governo federal. O servi\u00e7o est\u00e1 planejado para que n\u00e3o haja filas. No ato da confirma\u00e7\u00e3o da elegibilidade, a pessoa pode escolher o local, o dia e o hor\u00e1rio mais conveniente para para receber o\u00a0<em>kit<\/em>.<\/p>\n<p style=\"text-align: justify;\">O processo de desligamento do sinal anal\u00f3gico de TV foi iniciado em abril de 2015 e, de acordo com cronograma definido pelo Minist\u00e9rio da Ci\u00eancia, Tecnologia, Inova\u00e7\u00f5es e Comunica\u00e7\u00f5es, mais de 1.300 munic\u00edpios ter\u00e3o o sinal anal\u00f3gico desligado at\u00e9 2018.<\/p>\n<p style=\"text-align: justify;\">Fonte: Portal Comunique-se.<\/p>\n","protected":false},"excerpt":{"rendered":"<p>Cerca de 4 milh\u00f5es de domic\u00edlios na capital fluminense e&hellip;<\/p>\n<p> <a class=\"more-link\" href=\"https:\/\/sertsc.org.br\/site\/kits-de-conversao-digital-comecam-a-ser-distribuidos-no-rj\/\">Leia mais<\/a><\/p>\n","protected":false},"author":1,"featured_media":5251,"comment_status":"closed","ping_status":"open","sticky":false,"template":"","format":"standard","meta":{"footnotes":""},"categories":[3],"tags":[],"class_list":{"0":"post-5250","1":"post","2":"type-post","3":"status-publish","4":"format-standard","5":"has-post-thumbnail","7":"category-noticias"},"_links":{"self":[{"href":"https:\/\/sertsc.org.br\/site\/wp-json\/wp\/v2\/posts\/5250","targetHints":{"allow":["GET"]}}],"collection":[{"href":"https:\/\/sertsc.org.br\/site\/wp-json\/wp\/v2\/posts"}],"about":[{"href":"https:\/\/sertsc.org.br\/site\/wp-json\/wp\/v2\/types\/post"}],"author":[{"embeddable":true,"href":"https:\/\/sertsc.org.br\/site\/wp-json\/wp\/v2\/users\/1"}],"replies":[{"embeddable":true,"href":"https:\/\/sertsc.org.br\/site\/wp-json\/wp\/v2\/comments?post=5250"}],"version-history":[{"count":0,"href":"https:\/\/sertsc.org.br\/site\/wp-json\/wp\/v2\/posts\/5250\/revisions"}],"wp:featuredmedia":[{"embeddable":true,"href":"https:\/\/sertsc.org.br\/site\/wp-json\/"}],"wp:attachment":[{"href":"https:\/\/sertsc.org.br\/site\/wp-json\/wp\/v2\/media?parent=5250"}],"wp:term":[{"taxonomy":"category","embeddable":true,"href":"https:\/\/sertsc.org.br\/site\/wp-json\/wp\/v2\/categories?post=5250"},{"taxonomy":"post_tag","embeddable":true,"href":"https:\/\/sertsc.org.br\/site\/wp-json\/wp\/v2\/tags?post=5250"}],"curies":[{"name":"wp","href":"https:\/\/api.w.org\/{rel}","templated":true}]}}