{"id":5247,"date":"2017-07-31T10:44:02","date_gmt":"2017-07-31T13:44:02","guid":{"rendered":"http:\/\/www.sertsc.org.br\/site\/?p=5247"},"modified":"2017-07-31T10:44:02","modified_gmt":"2017-07-31T13:44:02","slug":"a-voz-do-brasil-completou-82-anos-no-ar-nas-radios-de-todo-o-brasil","status":"publish","type":"post","link":"https:\/\/sertsc.org.br\/site\/a-voz-do-brasil-completou-82-anos-no-ar-nas-radios-de-todo-o-brasil\/","title":{"rendered":"A Voz do Brasil completou 82 anos no ar nas r\u00e1dios de todo o Brasil"},"content":{"rendered":"<p style=\"text-align: justify;\">Um dos programas mais longevos do mundo completou 82 anos. O programa estatal A Voz do Brasil est\u00e1 no ar em rede em todo o Brasil desde 22 de julho de 1935, quando o locutor Luiz Jatob\u00e1 interrompeu com sua voz grave a programa\u00e7\u00e3o das 50 r\u00e1dios que operavam no pa\u00eds. Nesta data estreava o Programa nacional, idealizado por um amigo de inf\u00e2ncia do ent\u00e3o presidente, Get\u00falio Vargas, com o objetivo de propagandear as realiza\u00e7\u00f5es do governo federal.<\/p>\n<div style=\"text-align: justify;\"><\/div>\n<div style=\"text-align: justify;\">Em 1939, quando Vargas j\u00e1 estabelecera no pa\u00eds a ditadura do Estado Novo, o programa, rebatizado como A Hora do Brasil, tornou-se transmiss\u00e3o obrigat\u00f3ria pelas emissoras de r\u00e1dio, sempre no hor\u00e1rio das 19 horas. Durante a vig\u00eancia de outra ditadura, a do regime militar, A Hora do Brasil virou A Voz do Brasil. Mudou de nome, mas manteve seu car\u00e1ter compuls\u00f3rio e sua marca registrada: a abertura com os acordes de \u201cO guarani\u201d, a \u00f3pera de Carlos Gomes, e a voz de um locutor que anunciava: em Bras\u00edlia, 19 horas.<\/div>\n<div style=\"text-align: justify;\"><\/div>\n<div style=\"text-align: justify;\">Quando A Voz do Brasil foi criada, o r\u00e1dio era o principal meio de comunica\u00e7\u00e3o de massa, e n\u00e3o havia outros canais para os brasileiros das regi\u00f5es mais long\u00ednquas se informar sobre os fatos e acontecimentos da vida do pa\u00eds. Nesses 80 anos que nos separam da primeira transmiss\u00e3o do programa, o Brasil passou por grandes transforma\u00e7\u00f5es. Urbanizou-se e deixou de ser um pa\u00eds de popula\u00e7\u00e3o eminentemente rural. Sua economia se industrializou e se modernizou a ponto de estar diante da perspectiva de virar, em breve, uma das cinco maiores do mundo.<\/div>\n<div style=\"text-align: justify;\"><\/div>\n<div style=\"text-align: justify;\">H\u00e1 mais de 30 anos, o pa\u00eds \u00e9 governado por um regime democr\u00e1tico pleno. O r\u00e1dio tamb\u00e9m mudou e se adequou \u00e0 concorr\u00eancia de outros meios como a televis\u00e3o e a internet. O anacronismo da obrigatoriedade de transmiss\u00e3o, \u00e0s 19 horas, de A Voz do Brasil por todas as emissoras de r\u00e1dio do pa\u00eds, por\u00e9m, permaneceu inalterado, apesar de os poderes p\u00fablicos contarem hoje com grande estrutura de comunica\u00e7\u00e3o. Esse aparato oficial inclui a TV Brasil (controlada pelo governo federal), a R\u00e1dio C\u00e2mara, a R\u00e1dio Senado e a R\u00e1dio Justi\u00e7a, al\u00e9m de diversas esta\u00e7\u00f5es de TV.<\/div>\n<div style=\"text-align: justify;\"><\/div>\n<div style=\"text-align: justify;\">Desde a redemocratiza\u00e7\u00e3o do pa\u00eds, A Voz do Brasil passou por algumas adapta\u00e7\u00f5es. Os acordes de \u201cO Guarani\u201d foram remixados ao ritmo de forr\u00f3, samba, choro, bossa nova, capoeira, moda de viola e at\u00e9 techno. Numa tentativa de se aproximar de uma linguagem mais simples e usual, o tradicional \u201cEm Bras\u00edlia, 19 horas\u201d tamb\u00e9m foi substitu\u00eddo por \u201c7 da noite, em Bras\u00edlia\u201d. Essas tentativas de rejuvenescimento n\u00e3o afastaram, por\u00e9m, o aspecto bolorento do programa. Ele s\u00f3 ser\u00e1 eliminado com uma mudan\u00e7a na lei.<\/div>\n<div style=\"text-align: justify;\"><\/div>\n<div style=\"text-align: justify;\">H\u00e1 v\u00e1rios projetos no Congresso que prop\u00f5em mudan\u00e7as em A Voz do Brasil. No principal deles, em tramita\u00e7\u00e3o h\u00e1 mais de 10 anos, prev\u00ea a possibilidade de as r\u00e1dios adequarem A Voz do Brasil \u00e0s suas programa\u00e7\u00f5es, a chamada flexibiliza\u00e7\u00e3o da transmiss\u00e3o do programa. Segundo as propostas, elas poderiam escolher o hor\u00e1rio mais conveniente, entre 19 horas e meia-noite, para iniciar a veicula\u00e7\u00e3o do programa. A medida foi inclu\u00edda por diversas vezes nas pautas para vota\u00e7\u00e3o, por\u00e9m, por v\u00e1rios motivos, o projeto n\u00e3o foi votado.<\/div>\n<div style=\"text-align: justify;\"><\/div>\n<div style=\"text-align: justify;\">Fonte: Tudo R\u00e1dio.<\/div>\n<div><\/div>\n","protected":false},"excerpt":{"rendered":"<p>Um dos programas mais longevos do mundo completou 82 anos.&hellip;<\/p>\n<p> <a class=\"more-link\" href=\"https:\/\/sertsc.org.br\/site\/a-voz-do-brasil-completou-82-anos-no-ar-nas-radios-de-todo-o-brasil\/\">Leia mais<\/a><\/p>\n","protected":false},"author":1,"featured_media":5248,"comment_status":"closed","ping_status":"open","sticky":false,"template":"","format":"standard","meta":{"footnotes":""},"categories":[3],"tags":[],"class_list":{"0":"post-5247","1":"post","2":"type-post","3":"status-publish","4":"format-standard","5":"has-post-thumbnail","7":"category-noticias"},"_links":{"self":[{"href":"https:\/\/sertsc.org.br\/site\/wp-json\/wp\/v2\/posts\/5247","targetHints":{"allow":["GET"]}}],"collection":[{"href":"https:\/\/sertsc.org.br\/site\/wp-json\/wp\/v2\/posts"}],"about":[{"href":"https:\/\/sertsc.org.br\/site\/wp-json\/wp\/v2\/types\/post"}],"author":[{"embeddable":true,"href":"https:\/\/sertsc.org.br\/site\/wp-json\/wp\/v2\/users\/1"}],"replies":[{"embeddable":true,"href":"https:\/\/sertsc.org.br\/site\/wp-json\/wp\/v2\/comments?post=5247"}],"version-history":[{"count":0,"href":"https:\/\/sertsc.org.br\/site\/wp-json\/wp\/v2\/posts\/5247\/revisions"}],"wp:featuredmedia":[{"embeddable":true,"href":"https:\/\/sertsc.org.br\/site\/wp-json\/"}],"wp:attachment":[{"href":"https:\/\/sertsc.org.br\/site\/wp-json\/wp\/v2\/media?parent=5247"}],"wp:term":[{"taxonomy":"category","embeddable":true,"href":"https:\/\/sertsc.org.br\/site\/wp-json\/wp\/v2\/categories?post=5247"},{"taxonomy":"post_tag","embeddable":true,"href":"https:\/\/sertsc.org.br\/site\/wp-json\/wp\/v2\/tags?post=5247"}],"curies":[{"name":"wp","href":"https:\/\/api.w.org\/{rel}","templated":true}]}}