{"id":5244,"date":"2017-07-31T09:11:05","date_gmt":"2017-07-31T12:11:05","guid":{"rendered":"http:\/\/www.sertsc.org.br\/site\/?p=5244"},"modified":"2017-07-31T09:11:05","modified_gmt":"2017-07-31T12:11:05","slug":"presidente-da-anatel-fala-sobre-desligamento-do-sinal-analogico-em-curitiba","status":"publish","type":"post","link":"https:\/\/sertsc.org.br\/site\/presidente-da-anatel-fala-sobre-desligamento-do-sinal-analogico-em-curitiba\/","title":{"rendered":"Presidente da Anatel fala sobre desligamento do sinal anal\u00f3gico em Curitiba"},"content":{"rendered":"<p style=\"text-align: justify;\">O presidente da Ag\u00eancia Nacional de Telecomunica\u00e7\u00f5es (Anatel), Juarez Quadros, o superintendente de fiscaliza\u00e7\u00e3o da Anatel, Juliano Stanzani e o gerente regional da Anatel, Celso Francisco Zemann participaram da coletiva de imprensa nesta sexta-feira (28.07), na ger\u00eancia regional em Curitiba (PR). O desligamento do sinal anal\u00f3gico em Curitiba e em mais 26 munic\u00edpios da regi\u00e3o metropolitana e as negocia\u00e7\u00f5es da Sercomtel foram abordados pelo presidente durante a coletiva.<\/p>\n<p style=\"text-align: justify;\">Sobre a antecipa\u00e7\u00e3o para 30 de outubro da primeira pesquisa sobre o desligamento do sinal anal\u00f3gico na regi\u00e3o metropolitana de Curitiba, o presidente explicou que \u201cfoi uma solicita\u00e7\u00e3o da Associa\u00e7\u00e3o das Emissoras da Radiodifus\u00e3o do Paran\u00e1 (AERP) que o Gired atendeu. Antecipamos em 30 dias a primeira pesquisa. Curitiba \u00e9 uma cidade modelo. Veremos quais as condi\u00e7\u00f5es em 30 de outubro, quando ser\u00e1 realizada a primeira fase da pesquisa\u201d, explicou.<\/p>\n<p style=\"text-align: justify;\">Ao ser perguntado sobre como est\u00e3o as negocia\u00e7\u00f5es sobre a Sercomtel ele disse que os conselheiros da Ag\u00eancia j\u00e1 se reuniram duas vezes com a dire\u00e7\u00e3o da empresa. Na primeira, a Anatel somente ouviu e na segunda eles apresentaram um plano para tentar resolver os problemas da companhia. Juarez Quadros informou que uma equipe da Ag\u00eancia tem ido \u00e0 Londrina, na sede da Sercomtel, para acompanhar o trabalho. Na semana passada, sete fiscais estiveram na Sercomtel.<\/p>\n<p style=\"text-align: justify;\">O Grupo de Implanta\u00e7\u00e3o do Processo de Distribui\u00e7\u00e3o e Digitaliza\u00e7\u00e3o de Canais de TV e RTV (Gired), que coordena todo o processo no pa\u00eds, aprovou a antecipa\u00e7\u00e3o em 30 dias da primeira pesquisa sobre o desligamento do sinal anal\u00f3gico na regi\u00e3o metropolitana de Curitiba. Ele estava marcado inicialmente para 30 de novembro, o resultado da pesquisa ser\u00e1 divulgado em 30 de outubro. O desligamento do sinal na regi\u00e3o est\u00e1 previsto para o final de janeiro de 2018.<\/p>\n<p style=\"text-align: justify;\">Fonte: Anatel e Aerp.<\/p>\n","protected":false},"excerpt":{"rendered":"<p>O presidente da Ag\u00eancia Nacional de Telecomunica\u00e7\u00f5es (Anatel), Juarez Quadros,&hellip;<\/p>\n<p> <a class=\"more-link\" href=\"https:\/\/sertsc.org.br\/site\/presidente-da-anatel-fala-sobre-desligamento-do-sinal-analogico-em-curitiba\/\">Leia mais<\/a><\/p>\n","protected":false},"author":1,"featured_media":5245,"comment_status":"closed","ping_status":"open","sticky":false,"template":"","format":"standard","meta":{"footnotes":""},"categories":[3],"tags":[],"class_list":{"0":"post-5244","1":"post","2":"type-post","3":"status-publish","4":"format-standard","5":"has-post-thumbnail","7":"category-noticias"},"_links":{"self":[{"href":"https:\/\/sertsc.org.br\/site\/wp-json\/wp\/v2\/posts\/5244","targetHints":{"allow":["GET"]}}],"collection":[{"href":"https:\/\/sertsc.org.br\/site\/wp-json\/wp\/v2\/posts"}],"about":[{"href":"https:\/\/sertsc.org.br\/site\/wp-json\/wp\/v2\/types\/post"}],"author":[{"embeddable":true,"href":"https:\/\/sertsc.org.br\/site\/wp-json\/wp\/v2\/users\/1"}],"replies":[{"embeddable":true,"href":"https:\/\/sertsc.org.br\/site\/wp-json\/wp\/v2\/comments?post=5244"}],"version-history":[{"count":0,"href":"https:\/\/sertsc.org.br\/site\/wp-json\/wp\/v2\/posts\/5244\/revisions"}],"wp:featuredmedia":[{"embeddable":true,"href":"https:\/\/sertsc.org.br\/site\/wp-json\/"}],"wp:attachment":[{"href":"https:\/\/sertsc.org.br\/site\/wp-json\/wp\/v2\/media?parent=5244"}],"wp:term":[{"taxonomy":"category","embeddable":true,"href":"https:\/\/sertsc.org.br\/site\/wp-json\/wp\/v2\/categories?post=5244"},{"taxonomy":"post_tag","embeddable":true,"href":"https:\/\/sertsc.org.br\/site\/wp-json\/wp\/v2\/tags?post=5244"}],"curies":[{"name":"wp","href":"https:\/\/api.w.org\/{rel}","templated":true}]}}