{"id":5230,"date":"2017-07-27T09:20:57","date_gmt":"2017-07-27T12:20:57","guid":{"rendered":"http:\/\/www.sertsc.org.br\/site\/?p=5230"},"modified":"2017-07-27T09:20:57","modified_gmt":"2017-07-27T12:20:57","slug":"fala-norte-nordeste-e-premio-aboio-serao-realizados-em-setembro-em-fortaleza","status":"publish","type":"post","link":"https:\/\/sertsc.org.br\/site\/fala-norte-nordeste-e-premio-aboio-serao-realizados-em-setembro-em-fortaleza\/","title":{"rendered":"Fala Norte Nordeste e Pr\u00eamio Aboio ser\u00e3o realizados em setembro em Fortaleza"},"content":{"rendered":"<p style=\"text-align: justify;\">A Associa\u00e7\u00e3o Cearense de Emissoras de R\u00e1dio e Televis\u00e3o (ACERT), realizar\u00e1 no per\u00edodo de 4 a 6 de setembro, com o apoio da ABERT, das Associa\u00e7\u00f5es do Norte e Nordeste e da Abap-CE, o Fala Norte-Nordeste &#8211; congresso de radiodifus\u00e3o. O evento voltado \u00e0 radiodifus\u00e3o ser\u00e1 realizado na F\u00e1brica de Neg\u00f3cios, em Fortaleza.<\/p>\n<div style=\"text-align: justify;\">O evento congregar\u00e1 empres\u00e1rios, gestores e profissionais da \u00e1rea de R\u00e1dio e TV, radiodifusores, comunicadores, publicit\u00e1rios, jornalistas, engenheiros, produtores, professores e estudantes da \u00e1rea de comunica\u00e7\u00e3o de todo o Brasil. Al\u00e9m disso, o congresso contar\u00e1 com renomados palestrantes para discutirem o mercado e os temas mais relevantes da atualidade, no segmento de radiodifus\u00e3o.<\/div>\n<div style=\"text-align: justify;\"><\/div>\n<div style=\"text-align: justify;\">O tema escolhido para esta edi\u00e7\u00e3o \u00e9 \u201cIntelig\u00eancia Criativa e a Gera\u00e7\u00e3o de Neg\u00f3cios da Comunica\u00e7\u00e3o\u201d, refletindo a forma como o r\u00e1dio e a televis\u00e3o v\u00eam inovando e ampliando seus neg\u00f3cios na atualidade e se envolvendo com novas tecnologias e redes sociais. Outros debates abordar\u00e3o temas atuais, como not\u00edcias falsas e o conceito de p\u00f3s-verdade, quest\u00f5es legais da comunica\u00e7\u00e3o, gest\u00e3o de neg\u00f3cios, e diversos workshops com especialistas do mercado da publicidade e da comunica\u00e7\u00e3o.<\/div>\n<div style=\"text-align: justify;\"><\/div>\n<div style=\"text-align: justify;\">No Fala Norte-Nordeste tamb\u00e9m acontecer\u00e1 a Feira de Neg\u00f3cios, reunindo expositores da ind\u00fastria de equipamentos e servi\u00e7os voltados para a radiodifus\u00e3o, e a Jornada Pr\u00eamio Aboio de Comunica\u00e7\u00e3o, al\u00e9m da festa de premia\u00e7\u00e3o dos melhores comerciais de r\u00e1dio e TV veiculados nas emissoras associadas \u00e0 ACERT.<\/div>\n<div style=\"text-align: justify;\"><\/div>\n<div style=\"text-align: justify;\">No site www.falanortenordeste.com.br apresentamos a programa\u00e7\u00e3o completa, as formas de inscri\u00e7\u00e3o, al\u00e9m de op\u00e7\u00f5es de hospedagens com pre\u00e7os negociados especialmente para o per\u00edodo.<\/div>\n<div style=\"text-align: justify;\"><\/div>\n<div style=\"text-align: justify;\"><strong>Pr\u00eamio Aboio<\/strong><\/div>\n<div style=\"text-align: justify;\"><\/div>\n<div style=\"text-align: justify;\">Durante o congresso acontecer\u00e1 a entrega do 3\u00ba Pr\u00eamio Aboio de Comunica\u00e7\u00e3o, que ser\u00e1 conferido \u00e0s Ag\u00eancias de Propaganda, Publicidade e Comunica\u00e7\u00e3o classificadas em primeiro lugar na cria\u00e7\u00e3o, produ\u00e7\u00e3o e veicula\u00e7\u00e3o do \u201cMelhor Jingle\u201d, \u201cMelhor Spot\u201d, \u201cMelhor VT\u201d, e \u201cMelhor Campanha de R\u00e1dio e TV\u201d, nas categorias varejo, servi\u00e7os\/produtos e institucional veiculados no r\u00e1dio e\/ou televis\u00e3o.Tamb\u00e9m ser\u00e3o premiadas pe\u00e7as inscritas na categoria estudantes universit\u00e1rios.<\/div>\n<div style=\"text-align: justify;\"><\/div>\n<div style=\"text-align: justify;\">A premia\u00e7\u00e3o, em pe\u00e7a assinada pelo artista pl\u00e1stico S\u00e9rvulo Esmeraldo, expressa o reconhecimento e o est\u00edmulo aos criadores de pe\u00e7as de publicidade e propaganda veiculadas em emissoras afiliadas \u00e0 ACERT.<\/div>\n<div style=\"text-align: justify;\"><\/div>\n<div style=\"text-align: justify;\">Fonte: Tudo R\u00e1dio.<\/div>\n","protected":false},"excerpt":{"rendered":"<p>A Associa\u00e7\u00e3o Cearense de Emissoras de R\u00e1dio e Televis\u00e3o (ACERT),&hellip;<\/p>\n<p> <a class=\"more-link\" href=\"https:\/\/sertsc.org.br\/site\/fala-norte-nordeste-e-premio-aboio-serao-realizados-em-setembro-em-fortaleza\/\">Leia mais<\/a><\/p>\n","protected":false},"author":1,"featured_media":5231,"comment_status":"closed","ping_status":"open","sticky":false,"template":"","format":"standard","meta":{"footnotes":""},"categories":[3],"tags":[],"class_list":{"0":"post-5230","1":"post","2":"type-post","3":"status-publish","4":"format-standard","5":"has-post-thumbnail","7":"category-noticias"},"_links":{"self":[{"href":"https:\/\/sertsc.org.br\/site\/wp-json\/wp\/v2\/posts\/5230","targetHints":{"allow":["GET"]}}],"collection":[{"href":"https:\/\/sertsc.org.br\/site\/wp-json\/wp\/v2\/posts"}],"about":[{"href":"https:\/\/sertsc.org.br\/site\/wp-json\/wp\/v2\/types\/post"}],"author":[{"embeddable":true,"href":"https:\/\/sertsc.org.br\/site\/wp-json\/wp\/v2\/users\/1"}],"replies":[{"embeddable":true,"href":"https:\/\/sertsc.org.br\/site\/wp-json\/wp\/v2\/comments?post=5230"}],"version-history":[{"count":0,"href":"https:\/\/sertsc.org.br\/site\/wp-json\/wp\/v2\/posts\/5230\/revisions"}],"wp:featuredmedia":[{"embeddable":true,"href":"https:\/\/sertsc.org.br\/site\/wp-json\/"}],"wp:attachment":[{"href":"https:\/\/sertsc.org.br\/site\/wp-json\/wp\/v2\/media?parent=5230"}],"wp:term":[{"taxonomy":"category","embeddable":true,"href":"https:\/\/sertsc.org.br\/site\/wp-json\/wp\/v2\/categories?post=5230"},{"taxonomy":"post_tag","embeddable":true,"href":"https:\/\/sertsc.org.br\/site\/wp-json\/wp\/v2\/tags?post=5230"}],"curies":[{"name":"wp","href":"https:\/\/api.w.org\/{rel}","templated":true}]}}