{"id":5227,"date":"2017-07-26T16:20:53","date_gmt":"2017-07-26T19:20:53","guid":{"rendered":"http:\/\/www.sertsc.org.br\/site\/?p=5227"},"modified":"2017-07-26T16:20:53","modified_gmt":"2017-07-26T19:20:53","slug":"mosaico-sistema-vira-uma-das-principais-pautas-do-radio-no-primeiro-semestre-de-2017","status":"publish","type":"post","link":"https:\/\/sertsc.org.br\/site\/mosaico-sistema-vira-uma-das-principais-pautas-do-radio-no-primeiro-semestre-de-2017\/","title":{"rendered":"Mosaico: Sistema vira uma das principais pautas do r\u00e1dio no primeiro semestre de 2017"},"content":{"rendered":"<div style=\"text-align: justify;\">V\u00e1rias pautas foram elevadas como temas centrais do meio r\u00e1dio neste primeiro semestre de 2017. E o Sistema Mosaico, lan\u00e7ado para atender a alta demanda dos servi\u00e7os de telecomunica\u00e7\u00f5es durante as Olimp\u00edadas 2016, passou a ser uma rotina das \u00e1reas t\u00e9cnicas das emissoras de R\u00e1dio e televis\u00e3o (redes) neste primeiro semestre de 2017. E, como toda mudan\u00e7a de sistema, existem falhas, d\u00favidas na utiliza\u00e7\u00e3o e uma corrida das entidades do setor para orientar e apresentar o Mosaico para profissionais habilitados em sua utiliza\u00e7\u00e3o e aos radiodifusores. Acompanhe a situa\u00e7\u00e3o:<\/div>\n<div style=\"text-align: justify;\"><\/div>\n<div style=\"text-align: justify;\"><\/div>\n<div style=\"text-align: justify;\"><\/div>\n<div style=\"text-align: justify;\">Por ser um sistema complexo, bem diferente dos modelos anteriores utilizados pela Anatel, h\u00e1 uma dificuldade na utiliza\u00e7\u00e3o do mesmo. O Mosaico foi lan\u00e7ado em julho do ano passado, quando houve a necessidade de automa\u00e7\u00e3o na libera\u00e7\u00e3o de licen\u00e7as de uso de radiofrequ\u00eancia (para os jogos Ol\u00edmpicos no Rio eram cerca de 30 mil pedidos, que resultaram em milhares de licen\u00e7as, em virtude dos equipamentos utilizados para a cobertura do evento). E, desde ent\u00e3o, vem sendo adaptado para a utiliza\u00e7\u00e3o da radiodifus\u00e3o nacional, na tentativa de agilizar todos os processos que envolvem canais de r\u00e1dio FM, AM, entre outros servi\u00e7os de comunica\u00e7\u00e3o.<\/div>\n<div style=\"text-align: justify;\"><\/div>\n<div style=\"text-align: justify;\">Em implanta\u00e7\u00e3o, o sistema tem apresentado falhas pontuais, principalmente na migra\u00e7\u00e3o de dados de sistemas anteriores. Mas h\u00e1 um esfor\u00e7o da Anatel para sanar essas dificuldades (\u00e9 not\u00e1vel que o Mosaico est\u00e1 mais funcional h\u00e1 cada nova semana). Eduardo Cappia (EMC Solu\u00e7\u00e3o em Telecomunica\u00e7\u00f5es, Diretor de R\u00e1dio na SET &#8211; Sociedade de Engenharia de Televis\u00e3o e na Dire\u00e7\u00e3o T\u00e9cnica (Comit\u00ea) e membro da diretoria executiva da AESP) v\u00ea com otimismo essa situa\u00e7\u00e3o e afirma que a transi\u00e7\u00e3o \u00e9 irrevers\u00edvel, al\u00e9m de ser necess\u00e1ria. O engenheiro afirma que o sistema prev\u00ea etapas que envolvem a ativa participa\u00e7\u00e3o do MCTIC e a Anatel, sendo que a pr\u00e1tica e o uso t\u00eam se mostrado de maneira bem interessante, ao ponto de o licenciamento de emissoras de radiodifus\u00e3o terem sido conclu\u00eddas em semanas de processamento, incluindo a emiss\u00e3o de indicativos de chamada das emissoras migrantes AM para FM.<\/div>\n<div style=\"text-align: justify;\"><\/div>\n<div style=\"text-align: justify;\">Segundo Eduardo Cappia, o primeiro grande passo da implanta\u00e7\u00e3o do Mosaico (h\u00e1 1 ano) foi a informatiza\u00e7\u00e3o de todos os processos de radiodifus\u00e3o, disponibilizados para consulta no sistema SEI da Anatel. Com o autocadastramento liberado para as emissoras atrav\u00e9s de seus profissionais t\u00e9cnicos habilitados, foi poss\u00edvel o in\u00edcio da implanta\u00e7\u00e3o do Mosaico para o setor.<\/div>\n<div style=\"text-align: justify;\"><\/div>\n<div style=\"text-align: justify;\">Cappia ainda destaca o esfor\u00e7o da Anatel na corre\u00e7\u00e3o de falhas e nas adapta\u00e7\u00f5es para a radiodifus\u00e3o com a finalidade de aprimorar o Mosaico. Ainda existem v\u00e1rias modifica\u00e7\u00f5es a serem feitas, mas o cen\u00e1rio \u00e9 otimista e de possibilidade de acelera\u00e7\u00e3o dos processos de radiodifus\u00e3o devido a possibilidade de automa\u00e7\u00e3o que o novo sistema possu\u00ed.<\/div>\n<div style=\"text-align: justify;\"><\/div>\n<div style=\"text-align: justify;\">Fonte: Tudo R\u00e1dio.<\/div>\n","protected":false},"excerpt":{"rendered":"<p>V\u00e1rias pautas foram elevadas como temas centrais do meio r\u00e1dio&hellip;<\/p>\n<p> <a class=\"more-link\" href=\"https:\/\/sertsc.org.br\/site\/mosaico-sistema-vira-uma-das-principais-pautas-do-radio-no-primeiro-semestre-de-2017\/\">Leia mais<\/a><\/p>\n","protected":false},"author":1,"featured_media":5228,"comment_status":"closed","ping_status":"open","sticky":false,"template":"","format":"standard","meta":{"footnotes":""},"categories":[3],"tags":[],"class_list":{"0":"post-5227","1":"post","2":"type-post","3":"status-publish","4":"format-standard","5":"has-post-thumbnail","7":"category-noticias"},"_links":{"self":[{"href":"https:\/\/sertsc.org.br\/site\/wp-json\/wp\/v2\/posts\/5227","targetHints":{"allow":["GET"]}}],"collection":[{"href":"https:\/\/sertsc.org.br\/site\/wp-json\/wp\/v2\/posts"}],"about":[{"href":"https:\/\/sertsc.org.br\/site\/wp-json\/wp\/v2\/types\/post"}],"author":[{"embeddable":true,"href":"https:\/\/sertsc.org.br\/site\/wp-json\/wp\/v2\/users\/1"}],"replies":[{"embeddable":true,"href":"https:\/\/sertsc.org.br\/site\/wp-json\/wp\/v2\/comments?post=5227"}],"version-history":[{"count":0,"href":"https:\/\/sertsc.org.br\/site\/wp-json\/wp\/v2\/posts\/5227\/revisions"}],"wp:featuredmedia":[{"embeddable":true,"href":"https:\/\/sertsc.org.br\/site\/wp-json\/"}],"wp:attachment":[{"href":"https:\/\/sertsc.org.br\/site\/wp-json\/wp\/v2\/media?parent=5227"}],"wp:term":[{"taxonomy":"category","embeddable":true,"href":"https:\/\/sertsc.org.br\/site\/wp-json\/wp\/v2\/categories?post=5227"},{"taxonomy":"post_tag","embeddable":true,"href":"https:\/\/sertsc.org.br\/site\/wp-json\/wp\/v2\/tags?post=5227"}],"curies":[{"name":"wp","href":"https:\/\/api.w.org\/{rel}","templated":true}]}}