{"id":5224,"date":"2017-07-26T14:28:24","date_gmt":"2017-07-26T17:28:24","guid":{"rendered":"http:\/\/www.sertsc.org.br\/site\/?p=5224"},"modified":"2017-07-26T14:28:24","modified_gmt":"2017-07-26T17:28:24","slug":"gired-confirma-desligamento-do-sinal-de-tv-analogico-nesta-quarta-feira-em-recife","status":"publish","type":"post","link":"https:\/\/sertsc.org.br\/site\/gired-confirma-desligamento-do-sinal-de-tv-analogico-nesta-quarta-feira-em-recife\/","title":{"rendered":"Gired confirma desligamento do sinal de TV anal\u00f3gico nesta quarta-feira em Recife"},"content":{"rendered":"<p style=\"text-align: justify;\">Al\u00e9m da capital pernambucana, TV digital ser\u00e1 implantada em mais 13 munic\u00edpios. Segundo pesquisa realizada em julho, 92% dos domic\u00edlios est\u00e3o preparados para o sinal digital. Mais de 500 mil kits conversores j\u00e1 foram distribu\u00eddos.<\/p>\n<p style=\"text-align: justify;\">A partir desta quarta-feira (26), os moradores de Recife e outros 13 munic\u00edpios de Pernambuco passar\u00e3o a contar apenas com o sinal digital de TV. O desligamento das transmiss\u00f5es anal\u00f3gicas na regi\u00e3o foi confirmado durante reuni\u00e3o do Grupo de Implanta\u00e7\u00e3o da TV Digital (Gired), nesta ter\u00e7a-feira (25), e dever\u00e1 beneficiar uma popula\u00e7\u00e3o de 3,8 milh\u00f5es de pessoas.\u00a0O presidente da Anatel, Juarez Quadros, e a secret\u00e1ria de Radiodifus\u00e3o do MCTIC, Vanda Nogueira, participaram da reuni\u00e3o.<\/p>\n<p style=\"text-align: justify;\">Segundo a \u00faltima pesquisa Ibope realizada nos munic\u00edpios, entre os dias 9 e 22 de julho, 92% dos domic\u00edlios est\u00e3o preparados para a recep\u00e7\u00e3o do sinal digital de TV. O percentual \u00e9 o mais alto registrado na v\u00e9spera da data prevista para o desligamento do sinal anal\u00f3gico entre as cidades onde j\u00e1 ocorreu a implanta\u00e7\u00e3o da TV digital.<\/p>\n<p style=\"text-align: justify;\">A Portaria 378\/2016 estabelece o \u00edndice m\u00ednimo de 93% dos lares com acesso ao sinal digital para que o desligamento do sinal anal\u00f3gico ocorra, com margem de erro de tr\u00eas pontos percentuais. O Gired considerou que os munic\u00edpios pernambucanos atenderam \u00e0s condi\u00e7\u00f5es previstas e est\u00e3o aptos para fazer a transi\u00e7\u00e3o do sistema anal\u00f3gico para o digital. A decis\u00e3o ser\u00e1 encaminhada ao Minist\u00e9rio da Ci\u00eancia, Tecnologia, Inova\u00e7\u00f5es e Comunica\u00e7\u00f5es (MCTIC), que deve publicar uma portaria confirmando o desligamento.<\/p>\n<p style=\"text-align: justify;\">Durante a reuni\u00e3o do Gired, a Seja Digital informou que j\u00e1 foram distribu\u00eddos nos 14 munic\u00edpios pernambucanos 523 mil kits com conversor e antena para recep\u00e7\u00e3o do sinal digital, que s\u00e3o destinados \u00e0s fam\u00edlias de baixa renda cadastradas em programas sociais do governo federal. Esse n\u00famero corresponde a 84% do total de 624,6 mil equipamentos previstos para serem entregues. Os kits podem ser solicitados pelo telefone 147 ou pelo site www.sejadigital.com.br.<\/p>\n<p style=\"text-align: justify;\">Mesmo depois do desligamento, a distribui\u00e7\u00e3o dos kits para recep\u00e7\u00e3o do sinal digital ter\u00e1 continuidade pelos pr\u00f3ximos 45 dias na regi\u00e3o. As campanhas informativas sobre a transi\u00e7\u00e3o para a TV digital tamb\u00e9m v\u00e3o continuar nos pr\u00f3ximos 30 dias. O Gired tamb\u00e9m aprovou a realiza\u00e7\u00e3o de uma nova pesquisa nas cidades pernambucanas, daqui a 60 dias, para aferir o andamento da recep\u00e7\u00e3o e cobertura do sinal digital.<\/p>\n<p style=\"text-align: justify;\">Al\u00e9m da capital, Recife, o sinal anal\u00f3gico de TV ser\u00e1 desligado nas cidades de Jaboat\u00e3o dos Guararapes, Abreu e Lima, Ara\u00e7oiaba, Cabo de Santo Agostinho, Camaragibe, Igarassu, Ilha de Itamarac\u00e1, Ipojuca, Itapissuma, Moreno, Olinda, Paulista e S\u00e3o Louren\u00e7o da Mata.<\/p>\n<p style=\"text-align: justify;\">O sistema digital de TV permite \u00e0 popula\u00e7\u00e3o receber uma programa\u00e7\u00e3o com melhor qualidade de imagem e som, sem interfer\u00eancias como chuviscos ou fantasmas. As vantagens do sinal digital incluem ainda a possibilidade de assistir TV em dispositivos m\u00f3veis; a multiprograma\u00e7\u00e3o, que comporta a transmiss\u00e3o de diferentes programa\u00e7\u00f5es em um mesmo canal; e a possibilidade de interatividade por meio do Ginga, o middleware nacional para a troca de dados diretamente pelo televisor.<\/p>\n<p style=\"text-align: justify;\"><strong>Cronograma<\/strong><\/p>\n<p style=\"text-align: justify;\">As pr\u00f3ximas cidades a receber o sistema digital s\u00e3o Salvador, na Bahia, e Fortaleza, Juazeiro do Norte e Sobral, no Cear\u00e1, no dia 27 de setembro. A primeira pesquisa de recep\u00e7\u00e3o do sinal digital nesses munic\u00edpios e entorno, realizada agora em julho, foi apresentada na reuni\u00e3o do Gired. Em Salvador, o \u00edndice \u00e9 de 85,82%; Fortaleza est\u00e1 em 76,14%; Juazeiro do Norte, 47,1%; e Sobral, 37,82%.<\/p>\n<p style=\"text-align: justify;\">Fonte: MCTIC.<\/p>\n","protected":false},"excerpt":{"rendered":"<p>Al\u00e9m da capital pernambucana, TV digital ser\u00e1 implantada em mais&hellip;<\/p>\n<p> <a class=\"more-link\" href=\"https:\/\/sertsc.org.br\/site\/gired-confirma-desligamento-do-sinal-de-tv-analogico-nesta-quarta-feira-em-recife\/\">Leia mais<\/a><\/p>\n","protected":false},"author":1,"featured_media":5225,"comment_status":"closed","ping_status":"open","sticky":false,"template":"","format":"standard","meta":{"footnotes":""},"categories":[3],"tags":[],"class_list":{"0":"post-5224","1":"post","2":"type-post","3":"status-publish","4":"format-standard","5":"has-post-thumbnail","7":"category-noticias"},"_links":{"self":[{"href":"https:\/\/sertsc.org.br\/site\/wp-json\/wp\/v2\/posts\/5224","targetHints":{"allow":["GET"]}}],"collection":[{"href":"https:\/\/sertsc.org.br\/site\/wp-json\/wp\/v2\/posts"}],"about":[{"href":"https:\/\/sertsc.org.br\/site\/wp-json\/wp\/v2\/types\/post"}],"author":[{"embeddable":true,"href":"https:\/\/sertsc.org.br\/site\/wp-json\/wp\/v2\/users\/1"}],"replies":[{"embeddable":true,"href":"https:\/\/sertsc.org.br\/site\/wp-json\/wp\/v2\/comments?post=5224"}],"version-history":[{"count":0,"href":"https:\/\/sertsc.org.br\/site\/wp-json\/wp\/v2\/posts\/5224\/revisions"}],"wp:featuredmedia":[{"embeddable":true,"href":"https:\/\/sertsc.org.br\/site\/wp-json\/"}],"wp:attachment":[{"href":"https:\/\/sertsc.org.br\/site\/wp-json\/wp\/v2\/media?parent=5224"}],"wp:term":[{"taxonomy":"category","embeddable":true,"href":"https:\/\/sertsc.org.br\/site\/wp-json\/wp\/v2\/categories?post=5224"},{"taxonomy":"post_tag","embeddable":true,"href":"https:\/\/sertsc.org.br\/site\/wp-json\/wp\/v2\/tags?post=5224"}],"curies":[{"name":"wp","href":"https:\/\/api.w.org\/{rel}","templated":true}]}}