{"id":5221,"date":"2017-07-26T08:56:37","date_gmt":"2017-07-26T11:56:37","guid":{"rendered":"http:\/\/www.sertsc.org.br\/site\/?p=5221"},"modified":"2017-07-26T08:56:37","modified_gmt":"2017-07-26T11:56:37","slug":"forum-de-ideias-sertsc-responde-reforma-trabalhista","status":"publish","type":"post","link":"https:\/\/sertsc.org.br\/site\/forum-de-ideias-sertsc-responde-reforma-trabalhista\/","title":{"rendered":"F\u00f3rum de Ideias \u201cSERT\/SC responde: Reforma Trabalhista\u201d"},"content":{"rendered":"<p style=\"text-align: justify;\">Devido a grande demanda de d\u00favidas dos radiodifusores catarinenses em rela\u00e7\u00e3o \u00e0 Reforma Trabalhista, o Representante Patronal de R\u00e1dio e Televis\u00e3o do Estado de Santa Catarina \u2013 SERT\/SC lan\u00e7a mais um Projeto:\u00a0<strong>F\u00f3rum de Ideias<\/strong>\u00a0<strong>\u201cSERT\/SC responde: Reforma Trabalhista\u201d.<\/strong><\/p>\n<p style=\"text-align: justify;\">A partir das d\u00favidas que as emissoras filiadas enviarem sobre as mudan\u00e7as relacionadas \u00e0<strong>\u00a0Reforma Trabalhista\u00a0<\/strong>referentes aos setores de\u00a0<strong>R\u00e1dio<\/strong>\u00a0e\u00a0<strong>Televis\u00e3o<\/strong>, o Consultor Jur\u00eddico do SERT\/SC, representado pelo Dr. Marcos\u00a0Ant\u00f4nio\u00a0Silveira, estar\u00e1 respondendo as perguntas para a emissora que enviou a d\u00favida, e replicando para as demais filiadas, afinal, podem estar com a mesma d\u00favida.<\/p>\n<p style=\"text-align: justify;\">Esta iniciativa faz parte do projeto\u00a0da\u00a0atual diretoria do sindicato, que tem como objetivo intensificar a \u00e1rea jur\u00eddica do\u00a0<strong>SERT\/SC<\/strong>, e consequentemente, fortalecer o nosso setor, buscando sempre sanar todas as d\u00favidas e necessidades das emissoras filiadas.<\/p>\n<p style=\"text-align: center;\">As perguntas dever\u00e3o ser encaminhadas para o email:\u00a0<a href=\"mailto:sert@sertsc.org.br\">sert@sertsc.org.br<\/a>.<\/p>\n<p style=\"text-align: center;\">\n<p style=\"text-align: center;\">Confira o v\u00eddeo do Consultor Jur\u00eddico!<\/p>\n<p><iframe title=\"PROJETO &quot;SERT\/SC RESPONDE: REFORMA TRABALHISTA&quot;\" width=\"800\" height=\"450\" src=\"https:\/\/www.youtube.com\/embed\/X8D0Tx5FNaw?feature=oembed\" frameborder=\"0\" allow=\"accelerometer; autoplay; clipboard-write; encrypted-media; gyroscope; picture-in-picture; web-share\" allowfullscreen><\/iframe><\/p>\n<p>&nbsp;<\/p>\n","protected":false},"excerpt":{"rendered":"<p>Devido a grande demanda de d\u00favidas dos radiodifusores catarinenses em&hellip;<\/p>\n<p> <a class=\"more-link\" href=\"https:\/\/sertsc.org.br\/site\/forum-de-ideias-sertsc-responde-reforma-trabalhista\/\">Leia mais<\/a><\/p>\n","protected":false},"author":1,"featured_media":5222,"comment_status":"closed","ping_status":"open","sticky":false,"template":"","format":"standard","meta":{"footnotes":""},"categories":[33],"tags":[],"class_list":{"0":"post-5221","1":"post","2":"type-post","3":"status-publish","4":"format-standard","5":"has-post-thumbnail","7":"category-destaques"},"_links":{"self":[{"href":"https:\/\/sertsc.org.br\/site\/wp-json\/wp\/v2\/posts\/5221","targetHints":{"allow":["GET"]}}],"collection":[{"href":"https:\/\/sertsc.org.br\/site\/wp-json\/wp\/v2\/posts"}],"about":[{"href":"https:\/\/sertsc.org.br\/site\/wp-json\/wp\/v2\/types\/post"}],"author":[{"embeddable":true,"href":"https:\/\/sertsc.org.br\/site\/wp-json\/wp\/v2\/users\/1"}],"replies":[{"embeddable":true,"href":"https:\/\/sertsc.org.br\/site\/wp-json\/wp\/v2\/comments?post=5221"}],"version-history":[{"count":0,"href":"https:\/\/sertsc.org.br\/site\/wp-json\/wp\/v2\/posts\/5221\/revisions"}],"wp:featuredmedia":[{"embeddable":true,"href":"https:\/\/sertsc.org.br\/site\/wp-json\/"}],"wp:attachment":[{"href":"https:\/\/sertsc.org.br\/site\/wp-json\/wp\/v2\/media?parent=5221"}],"wp:term":[{"taxonomy":"category","embeddable":true,"href":"https:\/\/sertsc.org.br\/site\/wp-json\/wp\/v2\/categories?post=5221"},{"taxonomy":"post_tag","embeddable":true,"href":"https:\/\/sertsc.org.br\/site\/wp-json\/wp\/v2\/tags?post=5221"}],"curies":[{"name":"wp","href":"https:\/\/api.w.org\/{rel}","templated":true}]}}