{"id":5211,"date":"2017-07-25T10:19:56","date_gmt":"2017-07-25T13:19:56","guid":{"rendered":"http:\/\/www.sertsc.org.br\/site\/?p=5211"},"modified":"2017-07-25T10:19:56","modified_gmt":"2017-07-25T13:19:56","slug":"governo-trabalha-para-modernizar-o-setor-de-radiodifusao-do-pais-ressalta-ministro","status":"publish","type":"post","link":"https:\/\/sertsc.org.br\/site\/governo-trabalha-para-modernizar-o-setor-de-radiodifusao-do-pais-ressalta-ministro\/","title":{"rendered":"Governo trabalha para modernizar o setor de radiodifus\u00e3o do pa\u00eds, ressalta ministro"},"content":{"rendered":"<p style=\"text-align: justify;\">Gilberto Kassab esteve em Campo Grande (MS) para o mutir\u00e3o de migra\u00e7\u00e3o de r\u00e1dios AM para FM, uma das iniciativas para melhorar os servi\u00e7os de radiodifus\u00e3o. Ele lembrou que o sinal anal\u00f3gico ser\u00e1 desligado em todo o pa\u00eds em 2018.<\/p>\n<p style=\"text-align: justify;\">A migra\u00e7\u00e3o de r\u00e1dios AM para FM contribui para ampliar a oferta de empregos e impulsionar os investimentos, avaliou o ministro da Ci\u00eancia, Tecnologia, Inova\u00e7\u00f5es e Comunica\u00e7\u00f5es, Gilberto Kassab, nesta segunda-feira (24) durante cerim\u00f4nia realizada em Campo Grande (MS). \u00c9 o oitavo mutir\u00e3o de migra\u00e7\u00e3o realizado pelo governo federal. No evento, 36 emissoras de Mato Grosso e Mato Grosso do Sul assinaram os termos aditivos de adapta\u00e7\u00e3o das outorgas.<\/p>\n<p style=\"text-align: justify;\">&#8220;Essa iniciativa tem como resultado imediato, em primeiro lugar, a diminui\u00e7\u00e3o do custeio das r\u00e1dios. Com isso, podem contratar mais pessoas e pagar melhor seus funcion\u00e1rios e investir em qualidade, levando mais not\u00edcias atualizadas e entretenimento \u00e0 popula\u00e7\u00e3o&#8221;, afirmou Kassab, acrescentando que o objetivo da sua gest\u00e3o \u00e9 melhorar ainda mais a qualidade dos servi\u00e7os de radiodifus\u00e3o.<\/p>\n<p style=\"text-align: justify;\">&#8220;O legado que queremos deixar na nossa gest\u00e3o \u00e9 um Brasil melhor do ponto de vista da radiodifus\u00e3o. Em breve teremos aqui na regi\u00e3o o desligamento do sinal de TV anal\u00f3gico, que ocorrer\u00e1 em novembro de 2018. Em todo o pa\u00eds teremos o encerramento do sinal anal\u00f3gico e a chegada da TV 100% digital, numa transforma\u00e7\u00e3o not\u00e1vel de qualidade. E vamos abrir o caminho para mais qualidade na opera\u00e7\u00e3o da telefonia celular. A migra\u00e7\u00e3o de hoje \u00e9 apenas uma dentre muitas iniciativas que estamos promovendo para desburocratizar, modernizar e facilitar a vida de todos voc\u00eas&#8221;, disse.<\/p>\n<p style=\"text-align: justify;\">Para o presidente da Associa\u00e7\u00e3o de Emissoras de Radiodifus\u00e3o do Mato Grosso Sul (Aerms), Ros\u00e1rio Neto, a migra\u00e7\u00e3o abre novas oportunidades de emprego para a regi\u00e3o. &#8220;Acreditamos que, aqui no Mato Grosso do Sul, 600 empregos aproximadamente ser\u00e3o gerados&#8221;.<\/p>\n<p style=\"text-align: justify;\">O prefeito de Campo Grande, Marquinhos Trad, tamb\u00e9m participou da cerim\u00f4nia.<\/p>\n<p style=\"text-align: justify;\"><strong>Moderniza\u00e7\u00e3o do servi\u00e7o<\/strong><\/p>\n<p style=\"text-align: justify;\">Em cada mutir\u00e3o promovido pelo MCTIC, s\u00e3o assinados os termos aditivos de adapta\u00e7\u00e3o das outorgas, um dos \u00faltimos passos do processo de mudan\u00e7a. Depois disso, as r\u00e1dios devem apresentar um projeto t\u00e9cnico de instala\u00e7\u00e3o da FM \u00e0 Secretaria de Radiodifus\u00e3o e solicitar \u00e0 Ag\u00eancia Nacional de Telecomunica\u00e7\u00f5es (Anatel) a autoriza\u00e7\u00e3o de uso da frequ\u00eancia. A partir da libera\u00e7\u00e3o, os ve\u00edculos j\u00e1 podem come\u00e7ar a transmitir a programa\u00e7\u00e3o na nova faixa.<\/p>\n<p style=\"text-align: justify;\">A mudan\u00e7a \u00e9 uma reivindica\u00e7\u00e3o das emissoras AM de todo o pa\u00eds, que sofrem com a perda de qualidade do sinal, de audi\u00eancia e de faturamento. Ao migrar sua opera\u00e7\u00e3o para a faixa FM, as r\u00e1dios tamb\u00e9m podem ser sintonizadas em dispositivos m\u00f3veis, como tablets e smartphones, o que garante a continuidade e a moderniza\u00e7\u00e3o do servi\u00e7o.<\/p>\n<p style=\"text-align: justify;\">O mutir\u00e3o do MCTIC j\u00e1 foi a Santa Catarina, Minas Gerais, Rio Grande do Sul, Goi\u00e1s, Paran\u00e1, S\u00e3o Paulo e Para\u00edba. Das 1.781 r\u00e1dios AM do pa\u00eds, quase 1.500 solicitaram a migra\u00e7\u00e3o. Nesta primeira etapa, cerca de 960 emissoras poder\u00e3o operar na faixa atual de FM, de 88 Mega-hertz (MHz) a 108 MHz. As demais candidatas ter\u00e3o que esperar a conclus\u00e3o do processo de digitaliza\u00e7\u00e3o da TV, respons\u00e1vel por liberar espa\u00e7o para todas as r\u00e1dios que desejem fazer a mudan\u00e7a.<\/p>\n<p>Fonte: MCTIC.<\/p>\n","protected":false},"excerpt":{"rendered":"<p>Gilberto Kassab esteve em Campo Grande (MS) para o mutir\u00e3o&hellip;<\/p>\n<p> <a class=\"more-link\" href=\"https:\/\/sertsc.org.br\/site\/governo-trabalha-para-modernizar-o-setor-de-radiodifusao-do-pais-ressalta-ministro\/\">Leia mais<\/a><\/p>\n","protected":false},"author":1,"featured_media":5212,"comment_status":"closed","ping_status":"open","sticky":false,"template":"","format":"standard","meta":{"footnotes":""},"categories":[3],"tags":[],"class_list":{"0":"post-5211","1":"post","2":"type-post","3":"status-publish","4":"format-standard","5":"has-post-thumbnail","7":"category-noticias"},"_links":{"self":[{"href":"https:\/\/sertsc.org.br\/site\/wp-json\/wp\/v2\/posts\/5211","targetHints":{"allow":["GET"]}}],"collection":[{"href":"https:\/\/sertsc.org.br\/site\/wp-json\/wp\/v2\/posts"}],"about":[{"href":"https:\/\/sertsc.org.br\/site\/wp-json\/wp\/v2\/types\/post"}],"author":[{"embeddable":true,"href":"https:\/\/sertsc.org.br\/site\/wp-json\/wp\/v2\/users\/1"}],"replies":[{"embeddable":true,"href":"https:\/\/sertsc.org.br\/site\/wp-json\/wp\/v2\/comments?post=5211"}],"version-history":[{"count":0,"href":"https:\/\/sertsc.org.br\/site\/wp-json\/wp\/v2\/posts\/5211\/revisions"}],"wp:featuredmedia":[{"embeddable":true,"href":"https:\/\/sertsc.org.br\/site\/wp-json\/"}],"wp:attachment":[{"href":"https:\/\/sertsc.org.br\/site\/wp-json\/wp\/v2\/media?parent=5211"}],"wp:term":[{"taxonomy":"category","embeddable":true,"href":"https:\/\/sertsc.org.br\/site\/wp-json\/wp\/v2\/categories?post=5211"},{"taxonomy":"post_tag","embeddable":true,"href":"https:\/\/sertsc.org.br\/site\/wp-json\/wp\/v2\/tags?post=5211"}],"curies":[{"name":"wp","href":"https:\/\/api.w.org\/{rel}","templated":true}]}}