{"id":5209,"date":"2017-07-24T15:37:31","date_gmt":"2017-07-24T18:37:31","guid":{"rendered":"http:\/\/www.sertsc.org.br\/site\/?p=5209"},"modified":"2017-07-24T15:37:31","modified_gmt":"2017-07-24T18:37:31","slug":"tv-digital-chega-no-recife-dia-26","status":"publish","type":"post","link":"https:\/\/sertsc.org.br\/site\/tv-digital-chega-no-recife-dia-26\/","title":{"rendered":"TV digital chega no Recife dia 26"},"content":{"rendered":"<div class=\"itemIntroText\">\n<p style=\"text-align: justify;\">A partir da meia-noite da pr\u00f3xima quarta-feira (26), os moradores do Recife e de outras 13 cidades pernambucanas ter\u00e3o apenas o sinal digital em suas TVs.<\/p>\n<\/div>\n<div class=\"itemFullText\">\n<p style=\"text-align: justify;\">Pela pesquisa do Kantar Ibope, divulgada no dia 10 de julho, 86,1% dos domic\u00edlios da regi\u00e3o est\u00e3o aptos a receber o sinal digital terrestre da TV aberta.\u00a0Nos pr\u00f3ximos dias, uma nova pesquisa vai mostrar se pelo menos 90% dos lares est\u00e3o preparados para o novo sinal para que as transmiss\u00f5es anal\u00f3gicas sejam desligadas.<\/p>\n<p style=\"text-align: justify;\">Segundo dados da\u00a0Seja Digital, empresa respons\u00e1vel pelo desligamento\u00a0do sinalanal\u00f3gico em todo o Brasil,\u00a0dos 609 mil kits digitais gratuitos destinados \u00e0s fam\u00edlias de baixa renda\u00a0cadastradas em programas sociais do governo federal, 81% foram entregues.<\/p>\n<p style=\"text-align: justify;\">A Seja Digital vem realizando, em parceria com o Senai e as lojas de eletroeletr\u00f4nicos, os chamados &#8220;Feir\u00f5es Digitais&#8221; em todas as cidades que ter\u00e3o o sinal anal\u00f3gico desligado para que as pessoas possam solicitar e retirar os kits com os conversores.<\/p>\n<p style=\"text-align: justify;\">Neste s\u00e1bado (22), haver\u00e1 um Feir\u00e3o Digital no Shopping Boa Vista, no Recife, entre 9h e 21h.<\/p>\n<p style=\"text-align: justify;\">Al\u00e9m dos feir\u00f5es, a Patrulha Digital, formada por alunos de cursos de engenharia do Senai e do Instituto Federal de Pernambuco (IFPE), est\u00e1 ajudando a popula\u00e7\u00e3o pernambucana das regi\u00f5es que ser\u00e3o desligadas, com orienta\u00e7\u00f5es sobre a instala\u00e7\u00e3o dos equipamentos. Mais de 18 mil alunos dos cursos foram treinados para esta etapa.<\/p>\n<p style=\"text-align: justify;\">As solicita\u00e7\u00f5es dos kits e da visita da Patrulha Digital podem ser feitas pelo telefone 147 ou pelo site\u00a0<a href=\"http:\/\/www.sejadigital.com.br\/\" target=\"_blank\" rel=\"noopener noreferrer\"><strong>www.sejadigital.com.br<\/strong><\/a>.<\/p>\n<p style=\"text-align: justify;\">Fonte: ABERT.<\/p>\n<\/div>\n","protected":false},"excerpt":{"rendered":"<p>A partir da meia-noite da pr\u00f3xima quarta-feira (26), os moradores&hellip;<\/p>\n<p> <a class=\"more-link\" href=\"https:\/\/sertsc.org.br\/site\/tv-digital-chega-no-recife-dia-26\/\">Leia mais<\/a><\/p>\n","protected":false},"author":1,"featured_media":4675,"comment_status":"closed","ping_status":"open","sticky":false,"template":"","format":"standard","meta":{"footnotes":""},"categories":[3],"tags":[],"class_list":{"0":"post-5209","1":"post","2":"type-post","3":"status-publish","4":"format-standard","5":"has-post-thumbnail","7":"category-noticias"},"_links":{"self":[{"href":"https:\/\/sertsc.org.br\/site\/wp-json\/wp\/v2\/posts\/5209","targetHints":{"allow":["GET"]}}],"collection":[{"href":"https:\/\/sertsc.org.br\/site\/wp-json\/wp\/v2\/posts"}],"about":[{"href":"https:\/\/sertsc.org.br\/site\/wp-json\/wp\/v2\/types\/post"}],"author":[{"embeddable":true,"href":"https:\/\/sertsc.org.br\/site\/wp-json\/wp\/v2\/users\/1"}],"replies":[{"embeddable":true,"href":"https:\/\/sertsc.org.br\/site\/wp-json\/wp\/v2\/comments?post=5209"}],"version-history":[{"count":0,"href":"https:\/\/sertsc.org.br\/site\/wp-json\/wp\/v2\/posts\/5209\/revisions"}],"wp:featuredmedia":[{"embeddable":true,"href":"https:\/\/sertsc.org.br\/site\/wp-json\/"}],"wp:attachment":[{"href":"https:\/\/sertsc.org.br\/site\/wp-json\/wp\/v2\/media?parent=5209"}],"wp:term":[{"taxonomy":"category","embeddable":true,"href":"https:\/\/sertsc.org.br\/site\/wp-json\/wp\/v2\/categories?post=5209"},{"taxonomy":"post_tag","embeddable":true,"href":"https:\/\/sertsc.org.br\/site\/wp-json\/wp\/v2\/tags?post=5209"}],"curies":[{"name":"wp","href":"https:\/\/api.w.org\/{rel}","templated":true}]}}