{"id":5204,"date":"2017-07-24T08:56:51","date_gmt":"2017-07-24T11:56:51","guid":{"rendered":"http:\/\/www.sertsc.org.br\/site\/?p=5204"},"modified":"2017-07-24T08:56:51","modified_gmt":"2017-07-24T11:56:51","slug":"mutirao-amfm-em-mt-e-ms-sera-na-proxima-semana","status":"publish","type":"post","link":"https:\/\/sertsc.org.br\/site\/mutirao-amfm-em-mt-e-ms-sera-na-proxima-semana\/","title":{"rendered":"Mutir\u00e3o AM\/FM em MT e MS ser\u00e1 na pr\u00f3xima semana"},"content":{"rendered":"<div class=\"itemIntroText\">\n<p style=\"text-align: justify;\">O mutir\u00e3o da migra\u00e7\u00e3o de r\u00e1dios AM para FM das emissoras de Mato Grosso e Mato Grosso do Sul, antes marcado para esta sexta-feira (21), tem nova data: ser\u00e1 na pr\u00f3xima segunda-feira (24). Ao todo, 36 emissoras, sendo 13 de Mato Grosso e 23 de Mato Grosso do Sul, v\u00e3o assinar os termos aditivos de adapta\u00e7\u00e3o das outorgas na Prefeitura de Campo Grande (MS).<\/p>\n<\/div>\n<div class=\"itemFullText\">\n<p style=\"text-align: justify;\">Cerca de 550 emissoras j\u00e1 assinaram os termos aditivos em todo Brasil. O mutir\u00e3o j\u00e1 passou por Santa Catarina, Rio Grande do Sul, Paran\u00e1, Minas Gerais, Goi\u00e1s, Tocantins, S\u00e3o Paulo e Para\u00edba. Em Mato Grosso e Mato Grosso do Sul, \u00e9 a primeira vez que o mutir\u00e3o re\u00fane radiodifusores de dois estados.<\/p>\n<p>O MCTIC vem realizando uma maratona pelo pa\u00eds para finalizar a primeira fase do processo at\u00e9 17 de dezembro de 2017. Das 1781 emissoras de r\u00e1dio AM existentes no pa\u00eds, 1439 solicitaram a mudan\u00e7a e 1050 j\u00e1 foram contempladas com o canal na faixa de FM. As outras emissoras ir\u00e3o migrar ap\u00f3s o desligamento da TV anal\u00f3gica, quando ser\u00e3o liberadas as faixas 5 e 6, hoje ocupadas pelas TVs.<\/p>\n<p>Est\u00e3o confirmados na cerim\u00f4nia o ministro da Ci\u00eancia, tecnologia, Inova\u00e7\u00f5es e Comunica\u00e7\u00f5es (MCTIC), Gilberto Kassab, o presidente da Associa\u00e7a?o de Emissoras de Radiodifus\u00e3o de Mato Grosso Sul (AERMS), Ros\u00e1rio Congro Neto, o presidente da Associac?a?o Mato-Grossense das Emissoras de Ra?dio e Televisa?o (AMERT), Mois\u00e9s Braz de Proen\u00e7a, e o diretor de R\u00e1dio da ABERT, Andr\u00e9 Cintra.<\/p>\n<p style=\"text-align: justify;\">Fonte: ABERT.<\/p>\n<\/div>\n","protected":false},"excerpt":{"rendered":"<p>O mutir\u00e3o da migra\u00e7\u00e3o de r\u00e1dios AM para FM das&hellip;<\/p>\n<p> <a class=\"more-link\" href=\"https:\/\/sertsc.org.br\/site\/mutirao-amfm-em-mt-e-ms-sera-na-proxima-semana\/\">Leia mais<\/a><\/p>\n","protected":false},"author":1,"featured_media":4334,"comment_status":"closed","ping_status":"open","sticky":false,"template":"","format":"standard","meta":{"footnotes":""},"categories":[3],"tags":[],"class_list":{"0":"post-5204","1":"post","2":"type-post","3":"status-publish","4":"format-standard","5":"has-post-thumbnail","7":"category-noticias"},"_links":{"self":[{"href":"https:\/\/sertsc.org.br\/site\/wp-json\/wp\/v2\/posts\/5204","targetHints":{"allow":["GET"]}}],"collection":[{"href":"https:\/\/sertsc.org.br\/site\/wp-json\/wp\/v2\/posts"}],"about":[{"href":"https:\/\/sertsc.org.br\/site\/wp-json\/wp\/v2\/types\/post"}],"author":[{"embeddable":true,"href":"https:\/\/sertsc.org.br\/site\/wp-json\/wp\/v2\/users\/1"}],"replies":[{"embeddable":true,"href":"https:\/\/sertsc.org.br\/site\/wp-json\/wp\/v2\/comments?post=5204"}],"version-history":[{"count":0,"href":"https:\/\/sertsc.org.br\/site\/wp-json\/wp\/v2\/posts\/5204\/revisions"}],"wp:featuredmedia":[{"embeddable":true,"href":"https:\/\/sertsc.org.br\/site\/wp-json\/"}],"wp:attachment":[{"href":"https:\/\/sertsc.org.br\/site\/wp-json\/wp\/v2\/media?parent=5204"}],"wp:term":[{"taxonomy":"category","embeddable":true,"href":"https:\/\/sertsc.org.br\/site\/wp-json\/wp\/v2\/categories?post=5204"},{"taxonomy":"post_tag","embeddable":true,"href":"https:\/\/sertsc.org.br\/site\/wp-json\/wp\/v2\/tags?post=5204"}],"curies":[{"name":"wp","href":"https:\/\/api.w.org\/{rel}","templated":true}]}}