{"id":5200,"date":"2017-07-21T11:22:56","date_gmt":"2017-07-21T14:22:56","guid":{"rendered":"http:\/\/www.sertsc.org.br\/site\/?p=5200"},"modified":"2017-07-21T11:22:56","modified_gmt":"2017-07-21T14:22:56","slug":"mande-suas-duvidas-para-o-forum-de-ideias-do-sertsc","status":"publish","type":"post","link":"https:\/\/sertsc.org.br\/site\/mande-suas-duvidas-para-o-forum-de-ideias-do-sertsc\/","title":{"rendered":"Mande suas d\u00favidas para o F\u00f3rum de Ideias do SERT\/SC"},"content":{"rendered":"<p style=\"text-align: justify;\">Amigos Radiodifusores da Regi\u00e3o Oeste Catarinense! O Representante Patronal do R\u00e1dio e Televis\u00e3o de Santa Catarina \u2013 SERT\/SC, implementou o <strong>\u201cF\u00f3rum de Ideias\u201d, <\/strong>para ouvir as necessidades das emissoras<strong>, <\/strong>al\u00e9m de promover debates, reflex\u00e3o e troca de conhecimento.<\/p>\n<p style=\"text-align: justify;\">Envie suas d\u00favidas para podermos auxili\u00e1-los juridicamente de forma eficaz, e no Encontro Regional que ser\u00e1 realizado em Chapec\u00f3, no dia <strong>25 de agosto<\/strong>, no Hotel Lang Palace, estaremos \u00e0 disposi\u00e7\u00e3o para tratar de assuntos relacionados ao F\u00f3rum.<\/p>\n<p style=\"text-align: justify;\">A participa\u00e7\u00e3o de todos\u00a0\u00e9 de suma import\u00e2ncia para juntos construirmos a\u00e7\u00f5es que atendam as necessidades apontadas.<\/p>\n<p style=\"text-align: center;\"><strong>A SUA PARTICIPA\u00c7\u00c3O FAZ TODA A DIFEREN\u00c7A!<\/strong><\/p>\n","protected":false},"excerpt":{"rendered":"<p>Amigos Radiodifusores da Regi\u00e3o Oeste Catarinense! O Representante Patronal do&hellip;<\/p>\n<p> <a class=\"more-link\" href=\"https:\/\/sertsc.org.br\/site\/mande-suas-duvidas-para-o-forum-de-ideias-do-sertsc\/\">Leia mais<\/a><\/p>\n","protected":false},"author":1,"featured_media":5201,"comment_status":"closed","ping_status":"open","sticky":false,"template":"","format":"standard","meta":{"footnotes":""},"categories":[33],"tags":[],"class_list":{"0":"post-5200","1":"post","2":"type-post","3":"status-publish","4":"format-standard","5":"has-post-thumbnail","7":"category-destaques"},"_links":{"self":[{"href":"https:\/\/sertsc.org.br\/site\/wp-json\/wp\/v2\/posts\/5200","targetHints":{"allow":["GET"]}}],"collection":[{"href":"https:\/\/sertsc.org.br\/site\/wp-json\/wp\/v2\/posts"}],"about":[{"href":"https:\/\/sertsc.org.br\/site\/wp-json\/wp\/v2\/types\/post"}],"author":[{"embeddable":true,"href":"https:\/\/sertsc.org.br\/site\/wp-json\/wp\/v2\/users\/1"}],"replies":[{"embeddable":true,"href":"https:\/\/sertsc.org.br\/site\/wp-json\/wp\/v2\/comments?post=5200"}],"version-history":[{"count":0,"href":"https:\/\/sertsc.org.br\/site\/wp-json\/wp\/v2\/posts\/5200\/revisions"}],"wp:featuredmedia":[{"embeddable":true,"href":"https:\/\/sertsc.org.br\/site\/wp-json\/"}],"wp:attachment":[{"href":"https:\/\/sertsc.org.br\/site\/wp-json\/wp\/v2\/media?parent=5200"}],"wp:term":[{"taxonomy":"category","embeddable":true,"href":"https:\/\/sertsc.org.br\/site\/wp-json\/wp\/v2\/categories?post=5200"},{"taxonomy":"post_tag","embeddable":true,"href":"https:\/\/sertsc.org.br\/site\/wp-json\/wp\/v2\/tags?post=5200"}],"curies":[{"name":"wp","href":"https:\/\/api.w.org\/{rel}","templated":true}]}}