{"id":5195,"date":"2017-07-21T11:15:07","date_gmt":"2017-07-21T14:15:07","guid":{"rendered":"http:\/\/www.sertsc.org.br\/site\/?p=5195"},"modified":"2017-07-21T11:15:07","modified_gmt":"2017-07-21T14:15:07","slug":"set-expo-inscricoes-abertas","status":"publish","type":"post","link":"https:\/\/sertsc.org.br\/site\/set-expo-inscricoes-abertas\/","title":{"rendered":"SET EXPO: Inscri\u00e7\u00f5es abertas"},"content":{"rendered":"<p class=\"font-16\">\u00a0Al\u00e9m dos assuntos t\u00e9cnicos voltados a radiodifusores, o SET Expo tamb\u00e9m ter\u00e1 mais 50 pain\u00e9is e palestras sobre as novidades da tecnologia, al\u00e9m da feira de produtos e servi\u00e7os<\/p>\n<p>Radiodifusores, engenheiros e t\u00e9cnicos do setor devem ficar de olho pra n\u00e3o perder o prazo das inscri\u00e7\u00f5es para 29\u00aa edi\u00e7\u00e3o do SET Expo 2017, considerado o maior congresso de conte\u00fado e tecnologia de m\u00eddia da Am\u00e9rica Latina. Ser\u00e3o quatro dias de atividades entre 21 e 24 de agosto, em S\u00e3o Paulo (SP).<\/p>\n<p>A ABERT marcar\u00e1 presen\u00e7a no congresso, com palestra do diretor de R\u00e1dio Andr\u00e9 Cintra sobre a migra\u00e7\u00e3o das r\u00e1dios AM para FM. Paulo Ricardo, diretor de TV da Associa\u00e7\u00e3o, tamb\u00e9m falar\u00e1 aos participantes sobre assuntos como, por exemplo, a digitaliza\u00e7\u00e3o do sinal aberto de TV e a tecnologia 5G.<\/p>\n<p>Al\u00e9m dos assuntos t\u00e9cnicos voltados a radiodifusores, o SET Expo tamb\u00e9m ter\u00e1 mais 50 pain\u00e9is e palestras sobre as novidades da tecnologia, al\u00e9m da feira de produtos e servi\u00e7os, que acontece dos dias 22 a 24.<\/p>\n<p>As inscri\u00e7\u00f5es podem ser feitas pelo site\u00a0<a href=\"https:\/\/credencial.online\/setexpo2017\/visitantes\/tipoinsc.php?lang=PT.\">https:\/\/credencial.online\/setexpo2017\/visitantes\/tipoinsc.php?lang=PT.<\/a><\/p>\n<p class=\"font-11\">Fonte: ABERT<\/p>\n","protected":false},"excerpt":{"rendered":"<p>\u00a0Al\u00e9m dos assuntos t\u00e9cnicos voltados a radiodifusores, o SET Expo&hellip;<\/p>\n<p> <a class=\"more-link\" href=\"https:\/\/sertsc.org.br\/site\/set-expo-inscricoes-abertas\/\">Leia mais<\/a><\/p>\n","protected":false},"author":1,"featured_media":5198,"comment_status":"closed","ping_status":"open","sticky":false,"template":"","format":"standard","meta":{"footnotes":""},"categories":[3],"tags":[],"class_list":{"0":"post-5195","1":"post","2":"type-post","3":"status-publish","4":"format-standard","5":"has-post-thumbnail","7":"category-noticias"},"_links":{"self":[{"href":"https:\/\/sertsc.org.br\/site\/wp-json\/wp\/v2\/posts\/5195","targetHints":{"allow":["GET"]}}],"collection":[{"href":"https:\/\/sertsc.org.br\/site\/wp-json\/wp\/v2\/posts"}],"about":[{"href":"https:\/\/sertsc.org.br\/site\/wp-json\/wp\/v2\/types\/post"}],"author":[{"embeddable":true,"href":"https:\/\/sertsc.org.br\/site\/wp-json\/wp\/v2\/users\/1"}],"replies":[{"embeddable":true,"href":"https:\/\/sertsc.org.br\/site\/wp-json\/wp\/v2\/comments?post=5195"}],"version-history":[{"count":0,"href":"https:\/\/sertsc.org.br\/site\/wp-json\/wp\/v2\/posts\/5195\/revisions"}],"wp:featuredmedia":[{"embeddable":true,"href":"https:\/\/sertsc.org.br\/site\/wp-json\/"}],"wp:attachment":[{"href":"https:\/\/sertsc.org.br\/site\/wp-json\/wp\/v2\/media?parent=5195"}],"wp:term":[{"taxonomy":"category","embeddable":true,"href":"https:\/\/sertsc.org.br\/site\/wp-json\/wp\/v2\/categories?post=5195"},{"taxonomy":"post_tag","embeddable":true,"href":"https:\/\/sertsc.org.br\/site\/wp-json\/wp\/v2\/tags?post=5195"}],"curies":[{"name":"wp","href":"https:\/\/api.w.org\/{rel}","templated":true}]}}