{"id":5189,"date":"2017-07-21T09:25:40","date_gmt":"2017-07-21T12:25:40","guid":{"rendered":"http:\/\/www.sertsc.org.br\/site\/?p=5189"},"modified":"2017-07-21T09:25:40","modified_gmt":"2017-07-21T12:25:40","slug":"governo-diz-que-nao-prepara-por-enquanto-aumento-da-carga-tributaria-setorial","status":"publish","type":"post","link":"https:\/\/sertsc.org.br\/site\/governo-diz-que-nao-prepara-por-enquanto-aumento-da-carga-tributaria-setorial\/","title":{"rendered":"Governo diz que n\u00e3o prepara, por enquanto, aumento da carga tribut\u00e1ria setorial"},"content":{"rendered":"<p style=\"text-align: justify;\">Na \u00faltima quinta, 13, representantes empresas de telecomunica\u00e7\u00f5es peregrinaram nos minist\u00e9rios da Fazenda e Planejamento em fun\u00e7\u00e3o dos rumores de que o governo poderia voltar \u00e0 carga com a ideia de reajustar as al\u00edquotas do Fistel. O resultado das reuni\u00f5es foi melhor do que o esperado. Ouviram que o governo n\u00e3o tem planos imediatos de promover nenhum aumento de carga tribut\u00e1ria que impacte o setor, ainda que, naturalmente, essa seja sempre uma possibilidade em fun\u00e7\u00e3o das contas p\u00fablicas. Mas o principal receio, de um aumento do Fistel, parece estar distante. O receio do efeito negativo em fun\u00e7\u00e3o das mudan\u00e7as na PIS\/Cofins e nova Contribui\u00e7\u00e3o Social ainda permanecem, podendo gerar um impacto tribut\u00e1rio de quase R$ 4 bilh\u00f5es.<\/p>\n<p style=\"text-align: justify;\">Os encontros serviram tamb\u00e9m para que o setor expusesse \u00e0 \u00e1rea econ\u00f4mica do governo seus dados econ\u00f4micos, que t\u00eam apresentado uma deteriora\u00e7\u00e3o acentuada nos \u00faltimos \u00a0anos, comprometendo a capacidade de investimentos e gera\u00e7\u00e3o de emprego. Hoje, telecomunica\u00e7\u00f5es tem rentabilidade pior do que qualquer aplica\u00e7\u00e3o financeira, margens inferiores \u00e0s dos principais mercados e, de longe, a carga tribut\u00e1ria mais acentuada.<\/p>\n<p style=\"text-align: justify;\">Fonte: Tela Viva.<\/p>\n","protected":false},"excerpt":{"rendered":"<p>Na \u00faltima quinta, 13, representantes empresas de telecomunica\u00e7\u00f5es peregrinaram nos&hellip;<\/p>\n<p> <a class=\"more-link\" href=\"https:\/\/sertsc.org.br\/site\/governo-diz-que-nao-prepara-por-enquanto-aumento-da-carga-tributaria-setorial\/\">Leia mais<\/a><\/p>\n","protected":false},"author":1,"featured_media":5190,"comment_status":"closed","ping_status":"open","sticky":false,"template":"","format":"standard","meta":{"footnotes":""},"categories":[3],"tags":[],"class_list":{"0":"post-5189","1":"post","2":"type-post","3":"status-publish","4":"format-standard","5":"has-post-thumbnail","7":"category-noticias"},"_links":{"self":[{"href":"https:\/\/sertsc.org.br\/site\/wp-json\/wp\/v2\/posts\/5189","targetHints":{"allow":["GET"]}}],"collection":[{"href":"https:\/\/sertsc.org.br\/site\/wp-json\/wp\/v2\/posts"}],"about":[{"href":"https:\/\/sertsc.org.br\/site\/wp-json\/wp\/v2\/types\/post"}],"author":[{"embeddable":true,"href":"https:\/\/sertsc.org.br\/site\/wp-json\/wp\/v2\/users\/1"}],"replies":[{"embeddable":true,"href":"https:\/\/sertsc.org.br\/site\/wp-json\/wp\/v2\/comments?post=5189"}],"version-history":[{"count":0,"href":"https:\/\/sertsc.org.br\/site\/wp-json\/wp\/v2\/posts\/5189\/revisions"}],"wp:featuredmedia":[{"embeddable":true,"href":"https:\/\/sertsc.org.br\/site\/wp-json\/"}],"wp:attachment":[{"href":"https:\/\/sertsc.org.br\/site\/wp-json\/wp\/v2\/media?parent=5189"}],"wp:term":[{"taxonomy":"category","embeddable":true,"href":"https:\/\/sertsc.org.br\/site\/wp-json\/wp\/v2\/categories?post=5189"},{"taxonomy":"post_tag","embeddable":true,"href":"https:\/\/sertsc.org.br\/site\/wp-json\/wp\/v2\/tags?post=5189"}],"curies":[{"name":"wp","href":"https:\/\/api.w.org\/{rel}","templated":true}]}}